{"id":9,"date":"2026-01-30T10:16:10","date_gmt":"2026-01-30T10:16:10","guid":{"rendered":"https:\/\/www.queste.fr\/assfam\/?p=9"},"modified":"2026-01-30T10:16:10","modified_gmt":"2026-01-30T10:16:10","slug":"pouvoir-dachat-plus-de-1000e-de-moins-par-an-et-par-enfant-pour-les-familles-daccueil","status":"publish","type":"post","link":"https:\/\/www.queste.fr\/assfam\/2026\/01\/30\/pouvoir-dachat-plus-de-1000e-de-moins-par-an-et-par-enfant-pour-les-familles-daccueil\/","title":{"rendered":"Pouvoir d&rsquo;achat : Plus de 1000\u20ac de moins par an et par enfant pour les Familles d&rsquo;Accueil"},"content":{"rendered":"\n<h2 class=\"wp-block-heading\"><strong>Des indemnit\u00e9s qui ne suffisent plus<\/strong><\/h2>\n\n\n\n<p>Les assistants familiaux (AF) sont les piliers de l&rsquo;accueil des enfants plac\u00e9s, leur offrant un foyer chaleureux et s\u00e9curisant. Pourtant, ils font face \u00e0 un d\u00e9fi de taille : les indemnit\u00e9s qu&rsquo;ils re\u00e7oivent pour subvenir aux besoins de ces enfants ne suivent plus l&rsquo;inflation galopante.<\/p>\n\n\n\n<h2 class=\"wp-block-heading\"><strong>Des indemnit\u00e9s d\u00e9connect\u00e9es de la r\u00e9alit\u00e9<\/strong><\/h2>\n\n\n\n<p>Les assistants familiaux re\u00e7oivent diverses indemnit\u00e9s pour couvrir les frais li\u00e9s \u00e0 l&rsquo;entretien des enfants. Voici une liste des principales indemnit\u00e9s :<\/p>\n\n\n\n<ul class=\"wp-block-list\">\n<li><strong>Indemnit\u00e9 d&rsquo;entretien<\/strong><\/li>\n\n\n\n<li><strong>Indemnit\u00e9 de v\u00eature<\/strong><\/li>\n\n\n\n<li><strong>Argent de poche<\/strong><\/li>\n\n\n\n<li><strong>Cadeau de No\u00ebl<\/strong><\/li>\n\n\n\n<li><strong>Fournitures scolaires<\/strong><\/li>\n\n\n\n<li><strong>AEV<\/strong><\/li>\n<\/ul>\n\n\n\n<p>Les AF per\u00e7oivent diverses indemnit\u00e9s, mais elles ne sont pas ajust\u00e9es en fonction de l&rsquo;inflation, ignorant la hausse constante des prix. Par exemple, l&rsquo;indemnit\u00e9 de v\u00eature pour un b\u00e9b\u00e9 est de seulement 44,30\u20ac par mois et son montant n\u2019as pas chang\u00e9 depuis 10 ans&nbsp;! \u00c0 cet \u00e2ge, les enfants n\u00e9cessitent une garde-robe fournie et renouvel\u00e9e tous les trois mois en raison de leur croissance rapide et des nombreux incidents (biberons renvers\u00e9s, couches qui fuient, etc.). De plus, le co\u00fbt des couches, du lait maternel et des petits pots est \u00e9lev\u00e9 et l&rsquo;indemnit\u00e9 d&rsquo;entretien ne suffit clairement pas \u00e0 couvrir ces d\u00e9penses. Dans le d\u00e9partement du Nord, par exemple, l&rsquo;indemnit\u00e9 d&rsquo;entretien pour les enfants de moins de trois ans est de plus de 21\u20ac par jour.<\/p>\n\n\n\n<h2 class=\"wp-block-heading\"><strong>L&rsquo;inflation creuse un trou b\u00e9ant<\/strong><\/h2>\n\n\n\n<p>L&rsquo;\u00e9volution de l&rsquo;indemnit\u00e9 d&rsquo;entretien pour les enfants de moins de 12 ans est particuli\u00e8rement r\u00e9v\u00e9latrice. En dix ans, cette indemnit\u00e9 n&rsquo;a augment\u00e9 que de 0,38\u20ac, alors qu&rsquo;elle aurait d\u00fb augmenter de 2,54\u20ac pour suivre l&rsquo;inflation.<\/p>\n\n\n\n<h2 class=\"wp-block-heading\">Tableau : \u00e9volution de l&rsquo;indemnit\u00e9 d&rsquo;entretien vs. inflation<\/h2>\n\n\n\n<figure class=\"wp-block-image size-large\"><img decoding=\"async\" src=\"https:\/\/www.fafptcd62.fr\/wp-content\/uploads\/2024\/07\/indemnite-entretien-af1-1024x474.webp\" alt=\"\" class=\"wp-image-4057\"\/><\/figure>\n\n\n\n<figure class=\"wp-block-image size-large\"><img decoding=\"async\" src=\"https:\/\/www.fafptcd62.fr\/wp-content\/uploads\/2024\/07\/indemnite-entretien-af2-1024x545.webp\" alt=\"\" class=\"wp-image-4058\"\/><\/figure>\n\n\n\n<h2 class=\"wp-block-heading\">Mais c\u2019est aussi le cas pour les autres indemnit\u00e9s&nbsp;:<\/h2>\n\n\n\n<figure class=\"wp-block-image size-large\"><img decoding=\"async\" src=\"https:\/\/www.fafptcd62.fr\/wp-content\/uploads\/2024\/07\/veture-1024x426.webp\" alt=\"\" class=\"wp-image-4059\"\/><\/figure>\n\n\n\n<figure class=\"wp-block-image size-large\"><img decoding=\"async\" src=\"https:\/\/www.fafptcd62.fr\/wp-content\/uploads\/2024\/07\/argent-de-poche-af-1024x424.webp\" alt=\"\" class=\"wp-image-4060\"\/><\/figure>\n\n\n\n<h2 class=\"wp-block-heading\">Les cons\u00e9quences dramatiques pour les enfants et les familles d&rsquo;accueil<\/h2>\n\n\n\n<p>Cette stagnation des indemnit\u00e9s a des cons\u00e9quences directes sur les enfants plac\u00e9s et sur les familles d&rsquo;accueil qui les prennent en charge. Une assistante familiale avec trois enfants de 4, 8 et 16 ans a perdu plus de 3000\u20ac de pouvoir d&rsquo;achat en dix ans. Ce manque \u00e0 gagner complique la capacit\u00e9 des familles d&rsquo;accueil \u00e0 subvenir aux besoins essentiels des enfants, tels que les v\u00eatements, la nourriture, et les fournitures scolaires.<\/p>\n\n\n\n[table id=2 \/]\n\n\n\n<p>Par exemple, avec seulement 44,30\u20ac par mois pour habiller un b\u00e9b\u00e9, les familles doivent souvent puiser dans leurs propres revenus pour couvrir les co\u00fbts. La situation est similaire pour l&rsquo;achat de couches, de lait maternel et de petits pots, des d\u00e9penses essentielles pour les jeunes enfants.<\/p>\n\n\n\n<h3 class=\"wp-block-heading\"><strong>Un exode des Assistants Familiaux<\/strong><\/h3>\n\n\n\n<p>Face \u00e0 cette situation, le D\u00e9partement rencontre de plus en plus de difficult\u00e9s \u00e0 recruter des assistants familiaux. Actuellement, plus d&rsquo;un tiers des assistants familiaux agr\u00e9\u00e9s dans le D\u00e9partement travaillent pour un autre Conseil d\u00e9partemental, pour des associations, ou ne travaillent plus comme assistants familiaux. Cette crise de recrutement est exacerb\u00e9e par les conditions financi\u00e8res actuelles, qui ne favorisent pas l&rsquo;attractivit\u00e9 de cette profession pourtant essentielle.<\/p>\n\n\n\n<h2 class=\"wp-block-heading\"><strong>Un co\u00fbt humain et financier inacceptable<\/strong><\/h2>\n\n\n\n<p>Am\u00e9liorer les conditions de travail et la r\u00e9mun\u00e9ration des assistants familiaux est crucial non seulement pour les familles d&rsquo;accueil mais pour toute la communaut\u00e9. Un placement en famille d&rsquo;accueil co\u00fbte 50% moins cher au D\u00e9partement qu&rsquo;un placement en foyer, selon les chiffres du Conseil D\u00e9partemental du Pas-de-Calais. De plus, offrir un environnement familial stable et aimant est souvent plus b\u00e9n\u00e9fique pour le d\u00e9veloppement des enfants que les placements institutionnels.<\/p>\n\n\n\n<h2 class=\"wp-block-heading\"><strong>Agir pour l&rsquo;avenir des enfants et des Assistants Familiaux<\/strong><\/h2>\n\n\n\n<p>Il est urgent de revaloriser les indemnit\u00e9s des AF pour leur permettre de remplir leurs missions dans des conditions dignes et \u00e9quitables. Cette mesure est essentielle pour attirer de nouveaux professionnels, retenir les AF exp\u00e9riment\u00e9s et garantir un avenir meilleur aux enfants plac\u00e9s.<\/p>\n\n\n\n<p>La FA-FPT CD 62 appelle le D\u00e9partement \u00e0 prendre ses responsabilit\u00e9s et \u00e0 agir rapidement pour r\u00e9soudre cette crise. Il en va de l&rsquo;int\u00e9r\u00eat des enfants, des familles d&rsquo;accueil et de toute la soci\u00e9t\u00e9.<\/p>\n\n\n\n<p><\/p>\n","protected":false},"excerpt":{"rendered":"<p>Des indemnit\u00e9s qui ne suffisent plus Les assistants familiaux (AF) sont les piliers de l&rsquo;accueil des enfants plac\u00e9s, leur offrant un foyer chaleureux et s\u00e9curisant. Pourtant, ils font face \u00e0 un d\u00e9fi de taille : les indemnit\u00e9s qu&rsquo;ils re\u00e7oivent pour subvenir aux besoins de ces enfants ne suivent plus l&rsquo;inflation galopante. Des indemnit\u00e9s d\u00e9connect\u00e9es de [&hellip;]<\/p>\n","protected":false},"author":1,"featured_media":0,"comment_status":"open","ping_status":"open","sticky":false,"template":"","format":"standard","meta":{"footnotes":""},"categories":[1],"tags":[],"class_list":["post-9","post","type-post","status-publish","format-standard","hentry","category-uncategorized"],"_links":{"self":[{"href":"https:\/\/www.queste.fr\/assfam\/wp-json\/wp\/v2\/posts\/9","targetHints":{"allow":["GET"]}}],"collection":[{"href":"https:\/\/www.queste.fr\/assfam\/wp-json\/wp\/v2\/posts"}],"about":[{"href":"https:\/\/www.queste.fr\/assfam\/wp-json\/wp\/v2\/types\/post"}],"author":[{"embeddable":true,"href":"https:\/\/www.queste.fr\/assfam\/wp-json\/wp\/v2\/users\/1"}],"replies":[{"embeddable":true,"href":"https:\/\/www.queste.fr\/assfam\/wp-json\/wp\/v2\/comments?post=9"}],"version-history":[{"count":1,"href":"https:\/\/www.queste.fr\/assfam\/wp-json\/wp\/v2\/posts\/9\/revisions"}],"predecessor-version":[{"id":10,"href":"https:\/\/www.queste.fr\/assfam\/wp-json\/wp\/v2\/posts\/9\/revisions\/10"}],"wp:attachment":[{"href":"https:\/\/www.queste.fr\/assfam\/wp-json\/wp\/v2\/media?parent=9"}],"wp:term":[{"taxonomy":"category","embeddable":true,"href":"https:\/\/www.queste.fr\/assfam\/wp-json\/wp\/v2\/categories?post=9"},{"taxonomy":"post_tag","embeddable":true,"href":"https:\/\/www.queste.fr\/assfam\/wp-json\/wp\/v2\/tags?post=9"}],"curies":[{"name":"wp","href":"https:\/\/api.w.org\/{rel}","templated":true}]}}