{"id":6,"date":"2026-01-30T10:15:33","date_gmt":"2026-01-30T10:15:33","guid":{"rendered":"https:\/\/www.queste.fr\/assfam\/?p=6"},"modified":"2026-01-30T10:15:33","modified_gmt":"2026-01-30T10:15:33","slug":"quand-le-cd62-refuse-des-assistants-familiaux-qualifies-enquetes-et-temoignages","status":"publish","type":"post","link":"https:\/\/www.queste.fr\/assfam\/2026\/01\/30\/quand-le-cd62-refuse-des-assistants-familiaux-qualifies-enquetes-et-temoignages\/","title":{"rendered":"Quand le CD62 refuse des assistants familiaux qualifi\u00e9s : enqu\u00eates et t\u00e9moignages"},"content":{"rendered":"\n<p>Le Conseil D\u00e9partemental du d\u00e9partement du Pas-de-Calais (CD62) traverse une p\u00e9riode critique dans le domaine de la protection de l\u2019enfance. Alors que le nombre d\u2019enfants \u00e0 placer ne cesse d\u2019augmenter, le nombre d\u2019assistants familiaux (AF) diminue dangereusement. Cette situation, alarmante pour les enfants en danger, va \u00e0 l\u2019encontre des recommandations de l\u2019ONU, qui affirme que le placement familial doit \u00eatre prioritaire, car il offre un cadre plus stable et chaleureux que les foyers institutionnels.<\/p>\n\n\n\n<p>Pourtant, de nombreux t\u00e9moignages \u00e9mergent sur les r\u00e9seaux sociaux : des candidats, agr\u00e9\u00e9s par la Protection Maternelle et Infantile (PMI), sont refus\u00e9s d\u2019embauche par le CD62 pour des motifs souvent jug\u00e9s absurdes. Certains ont trouv\u00e9 des opportunit\u00e9s dans d\u2019autres d\u00e9partements, comme le Nord, o\u00f9 ils accueillent d\u00e9sormais plusieurs enfants. D&rsquo;autres, \u00e9puis\u00e9s et d\u00e9courag\u00e9s, ont renonc\u00e9, malgr\u00e9 les sacrifices financiers engag\u00e9s dans leur projet.<\/p>\n\n\n\n<h2 class=\"wp-block-heading\">Une crise financi\u00e8re et des choix incompr\u00e9hensibles<\/h2>\n\n\n\n<p>Comme beaucoup d&rsquo;autres collectivit\u00e9s, le CD62 doit faire face \u00e0 des contraintes budg\u00e9taires forte. Les placements en foyer co\u00fbtant 50 % plus cher qu\u2019un placement en famille d&rsquo;accueil, renforcer le recours aux assistants familiaux semble pourtant une solution logique pour allier qualit\u00e9 d\u2019accueil et optimisation financi\u00e8re. Mais, paradoxalement, les t\u00e9moignages de refus d\u2019embauche augmentent. Pour les candidats ce sont aussi des gros investissements pour rien.<\/p>\n\n\n\n<p>Mme G., une candidate recal\u00e9e, partage son exp\u00e9rience :<\/p>\n\n\n\n<blockquote class=\"wp-block-quote is-layout-flow wp-block-quote-is-layout-flow\">\n<blockquote class=\"wp-block-quote is-layout-flow wp-block-quote-is-layout-flow\">\n<blockquote class=\"wp-block-quote is-layout-flow wp-block-quote-is-layout-flow\">\n<blockquote class=\"wp-block-quote is-layout-flow wp-block-quote-is-layout-flow\">\n<p>\u00ab Apr\u00e8s avoir investi des milliers d\u2019euros dans l\u2019am\u00e9nagement de ma maison et obtenu l\u2019agr\u00e9ment de la PMI, le CD62 m\u2019a refus\u00e9 pour des motifs flous. Aujourd\u2019hui, je travaille pour le Nord et accueille trois enfants. \u00bb<\/p>\n\n\n\n<p><\/p>\n<\/blockquote>\n<\/blockquote>\n<\/blockquote>\n<\/blockquote>\n\n\n\n<h2 class=\"wp-block-heading\">Des d\u00e9cisions controvers\u00e9es et un processus peu transparent<\/h2>\n\n\n\n<p>Les t\u00e9moignages recueillis pointent du doigt des crit\u00e8res de recrutement jug\u00e9s flous, absurdes, voire discriminants. Parmi eux :<\/p>\n\n\n\n<ul class=\"wp-block-list\">\n<li><strong>\u00ab\u00a0Regard fuyant\u00a0\u00bb<\/strong> : mentionn\u00e9 par une psychologue comme motif de refus.<\/li>\n\n\n\n<li><strong>\u00ab\u00a0Trop exub\u00e9rante\u00a0\u00bb<\/strong> : un reproche adress\u00e9 \u00e0 une candidate malgr\u00e9 son exp\u00e9rience et sa motivation.<\/li>\n<\/ul>\n\n\n\n<p>Une autre source de m\u00e9contentement concerne le <strong>processus d\u2019\u00e9valuation<\/strong>. Dans certains cas, <strong>une seule personne est charg\u00e9e de mener les visites et entretiens<\/strong>, comme cela a \u00e9t\u00e9 rapport\u00e9 pour certains secteurs du CD62. Cette pratique soul\u00e8ve des questions sur les risques de subjectivit\u00e9 et d\u2019arbitraire :<\/p>\n\n\n\n<ul class=\"wp-block-list\">\n<li><strong>Absence de pluralit\u00e9<\/strong> : une seule \u00e9valuation limite les perspectives et peut donner lieu \u00e0 des jugements personnels.<\/li>\n\n\n\n<li><strong>D\u00e9rives potentielles<\/strong> : des d\u00e9cisions n\u00e9gatives pourraient \u00eatre influenc\u00e9es par des biais personnels, en l\u2019absence de regard crois\u00e9 d\u2019un coll\u00e8ge pluridisciplinaire.<\/li>\n<\/ul>\n\n\n\n<p><strong>Un candidat recal\u00e9 souligne :<\/strong><\/p>\n\n\n\n<blockquote class=\"wp-block-quote is-layout-flow wp-block-quote-is-layout-flow\">\n<p>\u00ab Lors de ma demande d\u2019agr\u00e9ment, une seule personne est venue chez moi. J\u2019ai ressenti un manque de neutralit\u00e9 et une volont\u00e9 de me d\u00e9courager. Pourquoi ne pas inclure plusieurs professionnels pour \u00e9viter ce genre de d\u00e9rive ? \u00bb<\/p>\n<\/blockquote>\n\n\n\n<h2 class=\"wp-block-heading\"><strong>Les cons\u00e9quences pour les enfants et les candidats<\/strong><\/h2>\n\n\n\n<p>Pour les enfants, la baisse du nombre d\u2019AF disponibles entra\u00eene une augmentation des placements en foyer, malgr\u00e9 un co\u00fbt financier et humain plus \u00e9lev\u00e9. L\u2019enfant perd souvent l\u2019opportunit\u00e9 d\u2019\u00e9voluer dans un cadre familial qui pourrait l\u2019aider \u00e0 mieux se reconstruire.<\/p>\n\n\n\n<p>Pour les candidats, les refus d\u2019embauche peuvent avoir des r\u00e9percussions profondes :<\/p>\n\n\n\n<ul class=\"wp-block-list\">\n<li><strong>Perte financi\u00e8re<\/strong> : des milliers d\u2019euros investis en travaux et en mise aux normes, souvent \u00e0 fonds perdus.<\/li>\n\n\n\n<li><strong>D\u00e9sillusions professionnelles<\/strong> : un sentiment d\u2019injustice et d\u2019\u00e9puisement, qui pousse certains \u00e0 abandonner leur projet.<\/li>\n<\/ul>\n\n\n\n<h2 class=\"wp-block-heading\">Un appel \u00e0 une r\u00e9forme urgente<\/h2>\n\n\n\n<p>Le CD62 doit prendre conscience de l\u2019urgence de la situation et de l\u2019impact de ses pratiques de recrutement. Voici quelques recommandations propos\u00e9es par les candidats et les professionnels :<\/p>\n\n\n\n<ul class=\"wp-block-list\">\n<li><strong>Transparence<\/strong> : clarifier les crit\u00e8res de recrutement et permettre un droit de recours.<\/li>\n\n\n\n<li><strong>Coll\u00e9gialit\u00e9<\/strong> : mettre en place des comit\u00e9s pluridisciplinaires pour les visites et entretiens afin de limiter les biais et garantir des d\u00e9cisions plus justes.<\/li>\n\n\n\n<li><strong>Modernisation<\/strong> : am\u00e9liorer les m\u00e9thodes d\u2019\u00e9valuation et mieux accompagner les aspirants AF tout au long du processus.<\/li>\n<\/ul>\n\n\n\n<p>La FAFPT CD62, attach\u00e9e \u00e0 la qualit\u00e9 du service public, soutient les professionnels engag\u00e9s dans la protection de l\u2019enfance. Si vous \u00eates concern\u00e9 par ces probl\u00e9matiques ou souhaitez \u00e9changer sur vos droits, n\u2019h\u00e9sitez pas \u00e0 <strong>contacter notre syndicat<\/strong>.<\/p>\n\n\n\n<p><\/p>\n","protected":false},"excerpt":{"rendered":"<p>Le Conseil D\u00e9partemental du d\u00e9partement du Pas-de-Calais (CD62) traverse une p\u00e9riode critique dans le domaine de la protection de l\u2019enfance. Alors que le nombre d\u2019enfants \u00e0 placer ne cesse d\u2019augmenter, le nombre d\u2019assistants familiaux (AF) diminue dangereusement. Cette situation, alarmante pour les enfants en danger, va \u00e0 l\u2019encontre des recommandations de l\u2019ONU, qui affirme que [&hellip;]<\/p>\n","protected":false},"author":1,"featured_media":0,"comment_status":"open","ping_status":"open","sticky":false,"template":"","format":"standard","meta":{"footnotes":""},"categories":[1],"tags":[],"class_list":["post-6","post","type-post","status-publish","format-standard","hentry","category-uncategorized"],"_links":{"self":[{"href":"https:\/\/www.queste.fr\/assfam\/wp-json\/wp\/v2\/posts\/6","targetHints":{"allow":["GET"]}}],"collection":[{"href":"https:\/\/www.queste.fr\/assfam\/wp-json\/wp\/v2\/posts"}],"about":[{"href":"https:\/\/www.queste.fr\/assfam\/wp-json\/wp\/v2\/types\/post"}],"author":[{"embeddable":true,"href":"https:\/\/www.queste.fr\/assfam\/wp-json\/wp\/v2\/users\/1"}],"replies":[{"embeddable":true,"href":"https:\/\/www.queste.fr\/assfam\/wp-json\/wp\/v2\/comments?post=6"}],"version-history":[{"count":1,"href":"https:\/\/www.queste.fr\/assfam\/wp-json\/wp\/v2\/posts\/6\/revisions"}],"predecessor-version":[{"id":8,"href":"https:\/\/www.queste.fr\/assfam\/wp-json\/wp\/v2\/posts\/6\/revisions\/8"}],"wp:attachment":[{"href":"https:\/\/www.queste.fr\/assfam\/wp-json\/wp\/v2\/media?parent=6"}],"wp:term":[{"taxonomy":"category","embeddable":true,"href":"https:\/\/www.queste.fr\/assfam\/wp-json\/wp\/v2\/categories?post=6"},{"taxonomy":"post_tag","embeddable":true,"href":"https:\/\/www.queste.fr\/assfam\/wp-json\/wp\/v2\/tags?post=6"}],"curies":[{"name":"wp","href":"https:\/\/api.w.org\/{rel}","templated":true}]}}