{"id":35,"date":"2026-01-30T10:22:09","date_gmt":"2026-01-30T10:22:09","guid":{"rendered":"https:\/\/www.queste.fr\/assfam\/?p=35"},"modified":"2026-01-30T10:22:09","modified_gmt":"2026-01-30T10:22:09","slug":"pendant-ce-temps-au-departement-cest-rappel-a-lordre","status":"publish","type":"post","link":"https:\/\/www.queste.fr\/assfam\/2026\/01\/30\/pendant-ce-temps-au-departement-cest-rappel-a-lordre\/","title":{"rendered":"Pendant ce temps au d\u00e9partement c\u2019est rappel \u00e0 l\u2019ordre\u2026"},"content":{"rendered":"\n<ul class=\"wp-block-list\">\n<li><a href=\"https:\/\/www.fafptcd62.fr\/2023\/05\/26\/\"><time>mai 26, 2023<\/time><\/a><\/li>\n\n\n\n<li><a href=\"https:\/\/www.fafptcd62.fr\/author\/julien\/\">Julien<\/a><\/li>\n<\/ul>\n\n\n\n<figure class=\"wp-block-image\"><img decoding=\"async\" src=\"https:\/\/www.fafptcd62.fr\/wp-content\/uploads\/2023\/05\/329182224_1322232761653311_1547392072684279394_n.webp\" alt=\"\" class=\"wp-image-1922\"\/><\/figure>\n\n\n\n<p>On avait d\u00e9j\u00e0 \u00e9t\u00e9 inform\u00e9s des pressions sur certains assistants familiaux qui faisaient valoir leurs droits de r\u00e9orientation et qui voyaient leurs places bloqu\u00e9es et donc des pertes de salaires (heureusement la loi Taquet a fortement r\u00e9duit cette perte de salaire). Il y aurait maintenant des CLAF qui ordonneraient de d\u00e9noncer les coll\u00e8gues pour un oui ou pour un non alors que les IP sont d\u00e9j\u00e0 de plus en plus nombreuses et font vivre les AssFam avec une \u00e9p\u00e9e de Damocl\u00e8s au-dessus de leur t\u00eate.<\/p>\n\n\n\n<p><em>Retrouvez les pr\u00e9c\u00e9dents articles :<br>1)<a href=\"https:\/\/www.fafptcd62.fr\/2023\/05\/01\/departement-du-pas-de-calais-toujours-moins-pour-laide-social-a-lenfance\/\">D\u00e9partement du Pas-de-Calais : toujours moins pour l\u2019Aide Sociale \u00e0 l\u2019Enfance?<\/a><br>2)<a href=\"https:\/\/www.fafptcd62.fr\/2023\/05\/03\/ase-toujours-plus-denfants-toujours-moins-de-moyens\/\">ASE: toujours plus d\u2019enfants, toujours moins de moyens?<\/a><\/em><br><em>3)<a href=\"https:\/\/www.fafptcd62.fr\/2023\/05\/05\/assistant-familial-le-minimum-legal-comme-regle-dor\/\">Assistant familial : le minimum l\u00e9gal comme r\u00e8gle d\u2019or ?<\/a><\/em><br><em>4)<a href=\"https:\/\/www.fafptcd62.fr\/2023\/05\/08\/de-moins-en-moins-de-famille-daccueil\/\">De moins en moins de famille d\u2019accueil?<\/a><\/em><br><em>5)<a href=\"https:\/\/www.fafptcd62.fr\/2023\/05\/10\/agrement-a-la-tete-du-candidat\/\">Agr\u00e9ment \u00e0 la t\u00eate du candidat ?<\/a><\/em><br><em>6)<a href=\"https:\/\/www.fafptcd62.fr\/2023\/05\/12\/de-plus-en-plus-de-placements-en-etablissements\/\">De plus en plus de placements en \u00e9tablissements<\/a><\/em><br><em>7)<a href=\"https:\/\/www.fafptcd62.fr\/2023\/05\/15\/quel-cout-de-placement-en-etablissement\/\">Quel co\u00fbt de placement en \u00e9tablissement ?<\/a><\/em><br><em>8)<a href=\"https:\/\/www.fafptcd62.fr\/2023\/05\/17\/de-moins-en-moins-de-travailleurs-sociaux\/\">De moins en moins de travailleurs sociaux<\/a><\/em><br><em>9)<a href=\"https:\/\/www.fafptcd62.fr\/2023\/05\/19\/de-moins-en-moins-de-prevention\/\">De moins en moins de pr\u00e9vention<\/a><\/em><br><em>10)<a href=\"https:\/\/www.fafptcd62.fr\/2023\/05\/22\/ase-comment-le-cd62-se-positionne-par-rapport-aux-autres-departements\/\">ASE: Comment le CD62 se positionne par rapport aux autres d\u00e9partements ?<\/a><br>11)<a href=\"https:\/\/www.fafptcd62.fr\/2023\/05\/24\/des-initiatives-existent-et-dautres-departements-donnent-lexemple\/\">Des initiatives existent et d\u2019autres d\u00e9partements donnent l\u2019exemple<\/a><\/em><\/p>\n\n\n\n<p>Mais le pire est que, selon plusieurs informations, certains chefs de service tenteraient de dissuader les assistants familiaux d\u2019appeler leur syndicat en les mena\u00e7ant de l\u2019\u00e9crire dans leur dossier personnel !!! Chose totalement ill\u00e9gale bien entendu ! Les AF, comme les agents ont des droits et doivent les faire valoir.<\/p>\n\n\n\n<h2 class=\"wp-block-heading\"><strong>Emp\u00eacher le travail des syndicats?<\/strong><\/h2>\n\n\n\n<p>Et maintenant, sous couvert de la RGPD, le D\u00e9partement refuse de donner la liste des assistants familiaux avec leur adresse personnelle pour que les syndicats puissent communiquer avec ces agents tr\u00e8s isol\u00e9s. Ils ont m\u00eame refus\u00e9 aux syndicats l\u2019envoi de mail \u00e0 l\u2019ensemble des Ass Fam sans nous donner aucune explication sur cette d\u00e9cision unilat\u00e9rale.<\/p>\n\n\n\n<p>Il est pourtant pr\u00e9vu dans&nbsp;<a href=\"https:\/\/www.service-public.fr\/particuliers\/vosdroits\/F497\/personnalisation\/resultat?lang=&amp;quest0=1&amp;quest=\">la loi<\/a>&nbsp;:<\/p>\n\n\n\n<blockquote class=\"wp-block-quote is-layout-flow wp-block-quote-is-layout-flow\">\n<p>Des panneaux r\u00e9serv\u00e9s \u00e0 l\u2019affichage syndical sont install\u00e9s dans des locaux facilement accessibles au personnel, mais auxquels le public n\u2019a pas normalement acc\u00e8s.https:\/\/www.service-public.fr\/particuliers\/vosdroits\/F497\/personnalisation\/resultat?lang=&amp;quest0=1&amp;quest=<\/p>\n<\/blockquote>\n\n\n\n<figure class=\"wp-block-image\"><img decoding=\"async\" src=\"https:\/\/www.fafptcd62.fr\/wp-content\/uploads\/2023\/05\/329285638_5988556001224639_3597764130766958209_n-1024x729.webp\" alt=\"\" class=\"wp-image-1923\"\/><\/figure>\n\n\n\n<p>Les panneaux sont effectivement dans des locaux non accessibles au public mais ils ne sont pas non plus facilement accessibles aux assistant familiaux qui n\u2019ont pas de badge pour acc\u00e9der \u00e0 ces locaux\u2026<br>Et sans compter les AF qui n\u2019ont pas de droit de visite en MDS et qui n\u2019auront donc plus aucune information syndicale s\u2019ils ne font pas des d\u00e9marches pour les obtenir.<br><br>Les AF ne recevront donc plus d\u2019information syndicale chez eux (leur domicile qui est aussi leur lieu de travail), n\u2019ont pas acc\u00e8s facilement aux panneaux syndicaux et ne peuvent pas non plus recevoir les informations syndicales par mail\u2026<\/p>\n\n\n\n<p>Le D\u00e9partement a finalement accept\u00e9 notre proposition de s\u2019occuper de l\u2019\u00e9tiquetage des enveloppes pour la communication au AF mais maximum 4 fois par an\u2026.<\/p>\n","protected":false},"excerpt":{"rendered":"<p>On avait d\u00e9j\u00e0 \u00e9t\u00e9 inform\u00e9s des pressions sur certains assistants familiaux qui faisaient valoir leurs droits de r\u00e9orientation et qui voyaient leurs places bloqu\u00e9es et donc des pertes de salaires (heureusement la loi Taquet a fortement r\u00e9duit cette perte de salaire). Il y aurait maintenant des CLAF qui ordonneraient de d\u00e9noncer les coll\u00e8gues pour un [&hellip;]<\/p>\n","protected":false},"author":1,"featured_media":0,"comment_status":"open","ping_status":"open","sticky":false,"template":"","format":"standard","meta":{"footnotes":""},"categories":[1],"tags":[],"class_list":["post-35","post","type-post","status-publish","format-standard","hentry","category-uncategorized"],"_links":{"self":[{"href":"https:\/\/www.queste.fr\/assfam\/wp-json\/wp\/v2\/posts\/35","targetHints":{"allow":["GET"]}}],"collection":[{"href":"https:\/\/www.queste.fr\/assfam\/wp-json\/wp\/v2\/posts"}],"about":[{"href":"https:\/\/www.queste.fr\/assfam\/wp-json\/wp\/v2\/types\/post"}],"author":[{"embeddable":true,"href":"https:\/\/www.queste.fr\/assfam\/wp-json\/wp\/v2\/users\/1"}],"replies":[{"embeddable":true,"href":"https:\/\/www.queste.fr\/assfam\/wp-json\/wp\/v2\/comments?post=35"}],"version-history":[{"count":1,"href":"https:\/\/www.queste.fr\/assfam\/wp-json\/wp\/v2\/posts\/35\/revisions"}],"predecessor-version":[{"id":36,"href":"https:\/\/www.queste.fr\/assfam\/wp-json\/wp\/v2\/posts\/35\/revisions\/36"}],"wp:attachment":[{"href":"https:\/\/www.queste.fr\/assfam\/wp-json\/wp\/v2\/media?parent=35"}],"wp:term":[{"taxonomy":"category","embeddable":true,"href":"https:\/\/www.queste.fr\/assfam\/wp-json\/wp\/v2\/categories?post=35"},{"taxonomy":"post_tag","embeddable":true,"href":"https:\/\/www.queste.fr\/assfam\/wp-json\/wp\/v2\/tags?post=35"}],"curies":[{"name":"wp","href":"https:\/\/api.w.org\/{rel}","templated":true}]}}