{"id":33,"date":"2026-01-30T10:21:54","date_gmt":"2026-01-30T10:21:54","guid":{"rendered":"https:\/\/www.queste.fr\/assfam\/?p=33"},"modified":"2026-01-30T10:21:54","modified_gmt":"2026-01-30T10:21:54","slug":"des-initiatives-existent-et-dautres-departements-donnent-lexemple","status":"publish","type":"post","link":"https:\/\/www.queste.fr\/assfam\/2026\/01\/30\/des-initiatives-existent-et-dautres-departements-donnent-lexemple\/","title":{"rendered":"Des initiatives existent et d\u2019autres d\u00e9partements donnent l\u2019exemple:"},"content":{"rendered":"\n<ul class=\"wp-block-list\">\n<li><a href=\"https:\/\/www.fafptcd62.fr\/2023\/05\/24\/\"><time>mai 24, 2023<\/time><\/a><\/li>\n\n\n\n<li><a href=\"https:\/\/www.fafptcd62.fr\/author\/julien\/\">Julien<\/a><\/li>\n<\/ul>\n\n\n\n<figure class=\"wp-block-image\"><img decoding=\"async\" src=\"https:\/\/www.fafptcd62.fr\/wp-content\/uploads\/2023\/05\/265676448_494271392059066_9120137486048720969_n-1.webp\" alt=\"\" class=\"wp-image-1917\"\/><\/figure>\n\n\n\n<p>On a par exemple plus de 20 d\u00e9partements qui d\u00e9pensent en moyenne plus de 40 000\u20ac par b\u00e9n\u00e9ficiaire de mesure de placement!<\/p>\n\n\n\n<p><em>Retrouvez les pr\u00e9c\u00e9dents articles :<br>1)<a href=\"https:\/\/www.fafptcd62.fr\/2023\/05\/01\/departement-du-pas-de-calais-toujours-moins-pour-laide-social-a-lenfance\/\">D\u00e9partement du Pas-de-Calais : toujours moins pour l\u2019Aide Sociale \u00e0 l\u2019Enfance?<\/a><br>2)<a href=\"https:\/\/www.fafptcd62.fr\/2023\/05\/03\/ase-toujours-plus-denfants-toujours-moins-de-moyens\/\">ASE: toujours plus d\u2019enfants, toujours moins de moyens?<\/a><\/em><br><em>3)<a href=\"https:\/\/www.fafptcd62.fr\/2023\/05\/05\/assistant-familial-le-minimum-legal-comme-regle-dor\/\">Assistant familial : le minimum l\u00e9gal comme r\u00e8gle d\u2019or ?<\/a><\/em><br><em>4)<a href=\"https:\/\/www.fafptcd62.fr\/2023\/05\/08\/de-moins-en-moins-de-famille-daccueil\/\">De moins en moins de famille d\u2019accueil?<\/a><\/em><br><em>5)<a href=\"https:\/\/www.fafptcd62.fr\/2023\/05\/10\/agrement-a-la-tete-du-candidat\/\">Agr\u00e9ment \u00e0 la t\u00eate du candidat ?<\/a><\/em><br><em>6)<a href=\"https:\/\/www.fafptcd62.fr\/2023\/05\/12\/de-plus-en-plus-de-placements-en-etablissements\/\">De plus en plus de placements en \u00e9tablissements<\/a><\/em><br><em>7)<a href=\"https:\/\/www.fafptcd62.fr\/2023\/05\/15\/quel-cout-de-placement-en-etablissement\/\">Quel co\u00fbt de placement en \u00e9tablissement ?<\/a><\/em><br><em>8)<a href=\"https:\/\/www.fafptcd62.fr\/2023\/05\/17\/de-moins-en-moins-de-travailleurs-sociaux\/\">De moins en moins de travailleurs sociaux<\/a><\/em><br><em>9)<a href=\"https:\/\/www.fafptcd62.fr\/2023\/05\/19\/de-moins-en-moins-de-prevention\/\">De moins en moins de pr\u00e9vention<\/a><\/em><br><em>10)<a href=\"https:\/\/www.fafptcd62.fr\/2023\/05\/22\/ase-comment-le-cd62-se-positionne-par-rapport-aux-autres-departements\/\">ASE: Comment le CD62 se positionne par rapport aux autres d\u00e9partements ?<\/a><\/em><\/p>\n\n\n\n<h2 class=\"wp-block-heading\">Et pour les assistants familiaux ?<\/h2>\n\n\n\n<figure class=\"wp-block-image\"><img decoding=\"async\" src=\"https:\/\/www.fafptcd62.fr\/wp-content\/uploads\/2023\/05\/84657911_2794178757309432_9057023044333076480_n-1024x724.webp\" alt=\"\" class=\"wp-image-1918\"\/><\/figure>\n\n\n\n<p><br>Des d\u00e9partements&nbsp;<strong>dans la r\u00e9gion parisienne<\/strong>&nbsp;payent 151h67 SMIC par enfant plac\u00e9 (pour le 1er comme pour le 2eme, le 3eme ou les suivants) et paye les frais de route du trajet vers leur lieu de vacances aux AF qui emm\u00e8nent leurs accueils avec eux en vacances.<\/p>\n\n\n\n<p><br><strong>En Gironde<\/strong>&nbsp;depuis le 1er juillet 2022, soit avant la mise en place de la loi Taquet, la r\u00e9mun\u00e9ration est bien sup\u00e9rieure au CD62 (174h SMIC pour 1 enfant, 227h SMIC pour 2 et 323h SMIC pour 3), maintien de salaire \u00e0 100% en cas de suspension de leur fonction ou en cas d\u2019attente d\u2019enfant, une indemnit\u00e9 vie quotidienne de 96 \u00e0 125\u20ac\/mois qui prend en compte entre autre les frais administratifs (encre, papier, imprimante\u2026), et qui en suppl\u00e9ment de l\u2019indemnit\u00e9 d\u2019entretien qui est bien sup\u00e9rieur \u00e0 celle du CD62.<\/p>\n\n\n\n<p><br><strong>En Charente<\/strong>, le pr\u00e9sident du CD a re\u00e7u \u00e0 3 reprises plusieurs AF, une AFR, un r\u00e9f\u00e9rent avec la directrice de l\u2019ASE et la Vice-pr\u00e9sidente charg\u00e9e de la politique de l\u2019enfance et de la famille. Ces \u00e9changes ont abouti \u00e0 une s\u00e9rie de 10 mesures pour am\u00e9liorer et faciliter le travail des assistants familiaux. Entre autres, des t\u00e9l\u00e9phones pro pour les AF, la revalorisation salariale des AFR, une meilleure r\u00e9mun\u00e9ration des relais, l\u2019augmentation de l\u2019offre de relai pour les cong\u00e9s\u2026<\/p>\n\n\n\n<p>Dans le&nbsp;<strong>Loir et Cher<\/strong>, le d\u00e9partement a cr\u00e9\u00e9 un<a href=\"https:\/\/www.lanouvellerepublique.fr\/blois\/aide-sociale-a-l-enfance-en-loir-et-cher-la-parole-donnee-aux-enfants\">&nbsp;club de la parole<\/a>. Il permet a 30 enfants de 7 a 21 ans de s\u2019exprimer sur leur parcours a l\u2019ASE et formuler des pr\u00e9conisation et recommandation.<\/p>\n\n\n\n<p>D\u2019autres d\u00e9partements prennent des mesures pour mieux accompagner les AF, proposent un large choix de formations, font b\u00e9n\u00e9ficier leurs agent d\u2019un Week end de r\u00e9pit par mois\u2026<\/p>\n\n\n\n<h3 class=\"wp-block-heading\">Plus proche de chez nous aussi les CD essaient de trouver des solutions:<\/h3>\n\n\n\n<p>Plus proche de nous&nbsp;<strong>l\u2019Oise&nbsp;<\/strong>propose une prime d\u2019installation jusqu\u2019\u00e0 10 000\u20ac. Un plan de recrutement a \u00e9t\u00e9 lanc\u00e9 en mai 2022 avec une campagne de communication, un assouplissement des crit\u00e8res de recrutement, une valorisation du m\u00e9tier et, l\u2019aide \u00e0 l\u2019installation.<\/p>\n\n\n\n<p>Des conditions de travail qui ont souvent des r\u00e9percutions sur la vie familiale et conjugale de l\u2019assistant familial.<br>Car un assistant familial c\u2019est aussi et surtout une famille d\u2019accueil. Si la situation familiale se d\u00e9grade, la qualit\u00e9 de l\u2019accueil sera elle aussi d\u00e9grad\u00e9e. Jusqu\u2019\u00e0 rompre et cr\u00e9er encore un peu plus d\u2019instabilit\u00e9 dans la vie de ces enfants d\u00e9j\u00e0 bien chamboul\u00e9s ? Mais inversement, si la qualit\u00e9 de vie et la situation financi\u00e8re s\u2019am\u00e9liorent les enfants accueillis seront les premiers \u00e0 en b\u00e9n\u00e9ficier.<\/p>\n\n\n\n<h2 class=\"wp-block-heading\">Et pour les agents?<\/h2>\n\n\n\n<figure class=\"wp-block-image\"><img decoding=\"async\" src=\"https:\/\/www.fafptcd62.fr\/wp-content\/uploads\/2023\/05\/137649519_252314819588059_1511686472731347668_n-1024x767.webp\" alt=\"\" class=\"wp-image-1919\"\/><\/figure>\n\n\n\n<p>Comme nous l\u2019avons vu dans un pr\u00e9c\u00e9dent article, le nombre d\u2019enfants par agent socio-\u00e9ducatif est beaucoup plus \u00e9lev\u00e9 que dans les autres d\u00e9partements millionnaires en habitants.<\/p>\n\n\n\n<p>Dans beaucoup de d\u00e9partements, les agents de l\u2019Aide Sociale \u00e0 l\u2019enfance travaillent dans des mauvaises conditions. Nous n\u2019avons pas beaucoup de retours d\u2019autres d\u00e9partements mais le Conseil D\u00e9partemental du Pas-de-Calais avec des moyens humains et financiers parmi les plus faibles de France ne peut certainement pas proposer une meilleure qualit\u00e9 de vie au travail que les autres.<br><br>Pour ce qui est du niveau salarial, nous avons eu comme info que la MEL et la r\u00e9gions Hauts-de-France avaient un niveau indemnitaire bien sup\u00e9rieur au CD62 (de 50 \u00e0 150% sup\u00e9rieur)<\/p>\n","protected":false},"excerpt":{"rendered":"<p>On a par exemple plus de 20 d\u00e9partements qui d\u00e9pensent en moyenne plus de 40 000\u20ac par b\u00e9n\u00e9ficiaire de mesure de placement! Retrouvez les pr\u00e9c\u00e9dents articles :1)D\u00e9partement du Pas-de-Calais : toujours moins pour l\u2019Aide Sociale \u00e0 l\u2019Enfance?2)ASE: toujours plus d\u2019enfants, toujours moins de moyens?3)Assistant familial : le minimum l\u00e9gal comme r\u00e8gle d\u2019or ?4)De moins en [&hellip;]<\/p>\n","protected":false},"author":1,"featured_media":0,"comment_status":"open","ping_status":"open","sticky":false,"template":"","format":"standard","meta":{"footnotes":""},"categories":[1],"tags":[],"class_list":["post-33","post","type-post","status-publish","format-standard","hentry","category-uncategorized"],"_links":{"self":[{"href":"https:\/\/www.queste.fr\/assfam\/wp-json\/wp\/v2\/posts\/33","targetHints":{"allow":["GET"]}}],"collection":[{"href":"https:\/\/www.queste.fr\/assfam\/wp-json\/wp\/v2\/posts"}],"about":[{"href":"https:\/\/www.queste.fr\/assfam\/wp-json\/wp\/v2\/types\/post"}],"author":[{"embeddable":true,"href":"https:\/\/www.queste.fr\/assfam\/wp-json\/wp\/v2\/users\/1"}],"replies":[{"embeddable":true,"href":"https:\/\/www.queste.fr\/assfam\/wp-json\/wp\/v2\/comments?post=33"}],"version-history":[{"count":1,"href":"https:\/\/www.queste.fr\/assfam\/wp-json\/wp\/v2\/posts\/33\/revisions"}],"predecessor-version":[{"id":34,"href":"https:\/\/www.queste.fr\/assfam\/wp-json\/wp\/v2\/posts\/33\/revisions\/34"}],"wp:attachment":[{"href":"https:\/\/www.queste.fr\/assfam\/wp-json\/wp\/v2\/media?parent=33"}],"wp:term":[{"taxonomy":"category","embeddable":true,"href":"https:\/\/www.queste.fr\/assfam\/wp-json\/wp\/v2\/categories?post=33"},{"taxonomy":"post_tag","embeddable":true,"href":"https:\/\/www.queste.fr\/assfam\/wp-json\/wp\/v2\/tags?post=33"}],"curies":[{"name":"wp","href":"https:\/\/api.w.org\/{rel}","templated":true}]}}