{"id":29,"date":"2026-01-30T10:21:15","date_gmt":"2026-01-30T10:21:15","guid":{"rendered":"https:\/\/www.queste.fr\/assfam\/?p=29"},"modified":"2026-01-30T10:21:15","modified_gmt":"2026-01-30T10:21:15","slug":"de-moins-en-moins-de-prevention","status":"publish","type":"post","link":"https:\/\/www.queste.fr\/assfam\/2026\/01\/30\/de-moins-en-moins-de-prevention\/","title":{"rendered":"De moins en moins de pr\u00e9vention"},"content":{"rendered":"\n<ul class=\"wp-block-list\">\n<li><a href=\"https:\/\/www.fafptcd62.fr\/2023\/05\/19\/\"><time>mai 19, 2023<\/time><\/a><\/li>\n\n\n\n<li><a href=\"https:\/\/www.fafptcd62.fr\/author\/julien\/\">Julien<\/a><\/li>\n<\/ul>\n\n\n\n<figure class=\"wp-block-image\"><img decoding=\"async\" src=\"https:\/\/www.fafptcd62.fr\/wp-content\/uploads\/2023\/05\/DALL%C2%B7E-2023-05-18-15.13.34-continue-limage-1.webp\" alt=\"financement de la pr\u00e9vention\" class=\"wp-image-1897\"\/><\/figure>\n\n\n\n<p>Alors que l\u2019on a vu que le nombre d\u2019enfants confi\u00e9s \u00e0 l\u2019Aide sociale \u00e0 l\u2019Enfance du Pas-de-Calais est en hausse constante, on a regard\u00e9 les d\u00e9penses de pr\u00e9vention et de mesures \u00e9ducatives du Conseil D\u00e9partemental du Pas-de-Calais. Quelles \u00e9volutions de ces d\u00e9penses ?<\/p>\n\n\n\n<p><em>Retrouvez les pr\u00e9c\u00e9dents articles :<br>1)<a href=\"https:\/\/www.fafptcd62.fr\/2023\/05\/01\/departement-du-pas-de-calais-toujours-moins-pour-laide-social-a-lenfance\/\">D\u00e9partement du Pas-de-Calais : toujours moins pour l\u2019Aide Sociale \u00e0 l\u2019Enfance?<\/a><br>2)<a href=\"https:\/\/www.fafptcd62.fr\/2023\/05\/03\/ase-toujours-plus-denfants-toujours-moins-de-moyens\/\">ASE: toujours plus d\u2019enfants, toujours moins de moyens?<\/a><\/em><br><em>3)<a href=\"https:\/\/www.fafptcd62.fr\/2023\/05\/05\/assistant-familial-le-minimum-legal-comme-regle-dor\/\">Assistant familial : le minimum l\u00e9gal comme r\u00e8gle d\u2019or ?<\/a><\/em><br><em>4)<a href=\"https:\/\/www.fafptcd62.fr\/2023\/05\/08\/de-moins-en-moins-de-famille-daccueil\/\">De moins en moins de famille d\u2019accueil?<\/a><\/em><br><em>5)<a href=\"https:\/\/www.fafptcd62.fr\/2023\/05\/10\/agrement-a-la-tete-du-candidat\/\">Agr\u00e9ment \u00e0 la t\u00eate du candidat ?<\/a><\/em><br><em>6)<a href=\"https:\/\/www.fafptcd62.fr\/2023\/05\/12\/de-plus-en-plus-de-placements-en-etablissements\/\">De plus en plus de placements en \u00e9tablissements<\/a><\/em><br><em>7)<a href=\"https:\/\/www.fafptcd62.fr\/2023\/05\/15\/quel-cout-de-placement-en-etablissement\/\">Quel co\u00fbt de placement en \u00e9tablissement ?<\/a><\/em><br><em>8)<a href=\"https:\/\/www.fafptcd62.fr\/2023\/05\/17\/de-moins-en-moins-de-travailleurs-sociaux\/\">De moins en moins de travailleurs sociaux<\/a><\/em><\/p>\n\n\n\n<p>L\u2019une des raisons \u00e9voqu\u00e9e r\u00e9guli\u00e8rement dans&nbsp;<a href=\"https:\/\/www.insee.fr\/fr\/statistiques\/1292257\">des rapports<\/a>, qui explique le taux \u00e9lev\u00e9 de placements dans le Pas-de-Calais sont les difficult\u00e9s socio-\u00e9conomiques des familles. On pourrait donc penser que le d\u00e9partement investit massivement, et plus que les autres , dans la pr\u00e9vention et dans les mesures \u00e9ducatives. Mais est-ce le cas?<\/p>\n\n\n\n<h2 class=\"wp-block-heading\">Quelle \u00e9volution des d\u00e9penses de pr\u00e9vention et de mesures \u00e9ducatives?<\/h2>\n\n\n\n<p>Les d\u00e9penses de pr\u00e9vention sont plut\u00f4t stables mais une fois l\u2019inflation prise en compte, elles sont plut\u00f4t en baisse alors que le taux de placements dans le m\u00eame temps n\u2019a fait qu\u2019augmenter.<\/p>\n\n\n\n<figure class=\"wp-block-image\"><img decoding=\"async\" src=\"https:\/\/www.fafptcd62.fr\/wp-content\/uploads\/2023\/04\/image-12.png\" alt=\"\" class=\"wp-image-1556\"\/><\/figure>\n\n\n\n<p>Un investissement dans la pr\u00e9vention faible qui pourrait expliquer que les enfants arrivent toujours plus abim\u00e9s et pour qui il est toujours plus difficile de trouver un lieu d\u2019accueil.<\/p>\n\n\n\n<p>Pour ce qui est des d\u00e9penses de mesures \u00e9ducatives, elles sont en l\u00e9g\u00e8re hausse, mais, une fois l\u2019inflation prise en compte, plut\u00f4t stables.<\/p>\n\n\n\n<figure class=\"wp-block-image\"><img decoding=\"async\" src=\"https:\/\/www.fafptcd62.fr\/wp-content\/uploads\/2023\/04\/image-16.png\" alt=\"\" class=\"wp-image-1561\"\/><\/figure>\n\n\n\n<h2 class=\"wp-block-heading\">Les agents de SSD plus en capacit\u00e9 de faire leur travail.<\/h2>\n\n\n\n<figure class=\"wp-block-image\"><img decoding=\"async\" src=\"https:\/\/www.fafptcd62.fr\/wp-content\/uploads\/2023\/05\/166109666_307265440759663_8254741916382455076_n.webp\" alt=\"\" class=\"wp-image-1894\"\/><\/figure>\n\n\n\n<p>Lors de la manifestation du 2 mai 2023, les agents de SSD exprimaient le fait de ne plus \u00eatre en capacit\u00e9 de faire de la pr\u00e9vention. Ils sont en soutien des SEF, ce qui les obligent \u00e0 d\u00e9laisser leurs missions de pr\u00e9vention. Il leur faut parfois plus de 6 mois pour mettre en place des mesures \u00e9ducatives.<br>Et bien s\u00fbr un travail administratif \u00e9norme qui leur prend du temps qu\u2019ils n\u2019ont d\u00e9j\u00e0 plus. Ils sont donc contraints de faire leur rapport le soir et le week-end au d\u00e9triment de leurs propres enfant.<\/p>\n","protected":false},"excerpt":{"rendered":"<p>Alors que l\u2019on a vu que le nombre d\u2019enfants confi\u00e9s \u00e0 l\u2019Aide sociale \u00e0 l\u2019Enfance du Pas-de-Calais est en hausse constante, on a regard\u00e9 les d\u00e9penses de pr\u00e9vention et de mesures \u00e9ducatives du Conseil D\u00e9partemental du Pas-de-Calais. Quelles \u00e9volutions de ces d\u00e9penses ? Retrouvez les pr\u00e9c\u00e9dents articles :1)D\u00e9partement du Pas-de-Calais : toujours moins pour l\u2019Aide [&hellip;]<\/p>\n","protected":false},"author":1,"featured_media":0,"comment_status":"open","ping_status":"open","sticky":false,"template":"","format":"standard","meta":{"footnotes":""},"categories":[1],"tags":[],"class_list":["post-29","post","type-post","status-publish","format-standard","hentry","category-uncategorized"],"_links":{"self":[{"href":"https:\/\/www.queste.fr\/assfam\/wp-json\/wp\/v2\/posts\/29","targetHints":{"allow":["GET"]}}],"collection":[{"href":"https:\/\/www.queste.fr\/assfam\/wp-json\/wp\/v2\/posts"}],"about":[{"href":"https:\/\/www.queste.fr\/assfam\/wp-json\/wp\/v2\/types\/post"}],"author":[{"embeddable":true,"href":"https:\/\/www.queste.fr\/assfam\/wp-json\/wp\/v2\/users\/1"}],"replies":[{"embeddable":true,"href":"https:\/\/www.queste.fr\/assfam\/wp-json\/wp\/v2\/comments?post=29"}],"version-history":[{"count":1,"href":"https:\/\/www.queste.fr\/assfam\/wp-json\/wp\/v2\/posts\/29\/revisions"}],"predecessor-version":[{"id":30,"href":"https:\/\/www.queste.fr\/assfam\/wp-json\/wp\/v2\/posts\/29\/revisions\/30"}],"wp:attachment":[{"href":"https:\/\/www.queste.fr\/assfam\/wp-json\/wp\/v2\/media?parent=29"}],"wp:term":[{"taxonomy":"category","embeddable":true,"href":"https:\/\/www.queste.fr\/assfam\/wp-json\/wp\/v2\/categories?post=29"},{"taxonomy":"post_tag","embeddable":true,"href":"https:\/\/www.queste.fr\/assfam\/wp-json\/wp\/v2\/tags?post=29"}],"curies":[{"name":"wp","href":"https:\/\/api.w.org\/{rel}","templated":true}]}}