{"id":27,"date":"2026-01-30T10:20:59","date_gmt":"2026-01-30T10:20:59","guid":{"rendered":"https:\/\/www.queste.fr\/assfam\/?p=27"},"modified":"2026-01-30T10:20:59","modified_gmt":"2026-01-30T10:20:59","slug":"de-moins-en-moins-de-travailleurs-sociaux","status":"publish","type":"post","link":"https:\/\/www.queste.fr\/assfam\/2026\/01\/30\/de-moins-en-moins-de-travailleurs-sociaux\/","title":{"rendered":"De moins en moins de travailleurs sociaux"},"content":{"rendered":"\n<ul class=\"wp-block-list\">\n<li><a href=\"https:\/\/www.fafptcd62.fr\/2023\/05\/17\/\"><time>mai 17, 2023<\/time><\/a><\/li>\n\n\n\n<li><a href=\"https:\/\/www.fafptcd62.fr\/author\/julien\/\">Julien<\/a><\/li>\n<\/ul>\n\n\n\n<figure class=\"wp-block-image\"><img decoding=\"async\" src=\"https:\/\/www.fafptcd62.fr\/wp-content\/uploads\/2023\/05\/120844373_3431256716934963_7890493857714944991_n.webp\" alt=\"Agents social seul\" class=\"wp-image-1838\"\/><\/figure>\n\n\n\n<p>Alors que l\u2019on a vu que le nombre de mesures de placements augmente d\u2019ann\u00e9e en ann\u00e9e, le personnel, lui, ne suit pas la m\u00eame courbe.<br>Bien au contraire, les travailleurs sociaux sont de moins en moins nombreux !<\/p>\n\n\n\n<figure class=\"wp-block-image\"><img decoding=\"async\" src=\"https:\/\/www.fafptcd62.fr\/wp-content\/uploads\/2023\/04\/image-11.png\" alt=\"\" class=\"wp-image-1555\"\/><\/figure>\n\n\n\n<p><em>Retrouvez les pr\u00e9c\u00e9dents articles :<br>1)<a href=\"https:\/\/www.fafptcd62.fr\/2023\/05\/01\/departement-du-pas-de-calais-toujours-moins-pour-laide-social-a-lenfance\/\">D\u00e9partement du Pas-de-Calais : toujours moins pour l\u2019Aide Sociale \u00e0 l\u2019Enfance?<\/a><br>2)<a href=\"https:\/\/www.fafptcd62.fr\/2023\/05\/03\/ase-toujours-plus-denfants-toujours-moins-de-moyens\/\">ASE: toujours plus d\u2019enfants, toujours moins de moyens?<\/a><\/em><br><em>3)<a href=\"https:\/\/www.fafptcd62.fr\/2023\/05\/05\/assistant-familial-le-minimum-legal-comme-regle-dor\/\">Assistant familial : le minimum l\u00e9gal comme r\u00e8gle d\u2019or ?<\/a><\/em><br><em>4)<a href=\"https:\/\/www.fafptcd62.fr\/2023\/05\/08\/de-moins-en-moins-de-famille-daccueil\/\">De moins en moins de famille d\u2019accueil?<\/a><\/em><br><em>5)<a href=\"https:\/\/www.fafptcd62.fr\/2023\/05\/10\/agrement-a-la-tete-du-candidat\/\">Agr\u00e9ment \u00e0 la t\u00eate du candidat ?<\/a><\/em><br><em>6)<a href=\"https:\/\/www.fafptcd62.fr\/2023\/05\/12\/de-plus-en-plus-de-placements-en-etablissements\/\">De plus en plus de placements en \u00e9tablissements<\/a><\/em><br><em>7)<a href=\"https:\/\/www.fafptcd62.fr\/2023\/05\/15\/quel-cout-de-placement-en-etablissement\/\">Quel co\u00fbt de placement en \u00e9tablissement ?<\/a><\/em><\/p>\n\n\n\n<h2 class=\"wp-block-heading\">Mais est-ce une volont\u00e9 du d\u00e9partement ?<\/h2>\n\n\n\n<p>On ne compte plus le nombre d\u2019offres d\u2019emploi de&nbsp;<a href=\"https:\/\/www.emploi-territorial.fr\/offre\/o062230401012291-referent-protection\">R\u00e9f\u00e9rent protection<\/a>&nbsp;ou Assistant socio-\u00e9ducatif publi\u00e9es par le CD62\u2026 Sandrine Tr\u00e9pi\u00e9 avait d\u00e9j\u00e0 alert\u00e9 il y a plusieurs ann\u00e9es sur la tension des m\u00e9tiers sociaux mais le d\u00e9partement n\u2019a pas voulu l\u2019entendre.<br>Et aujourd\u2019hui avec des conditions de travail pour le moins compliqu\u00e9es, difficile d\u2019attirer des candidats et de les garder une fois en poste. Le D\u00e9partement paie les cons\u00e9quences de sa politique ASE.<\/p>\n\n\n\n<h2 class=\"wp-block-heading\">Assistant socio-\u00e9ducatif: le minimum l\u00e9gal ?<\/h2>\n\n\n\n<figure class=\"wp-block-image\"><img decoding=\"async\" src=\"https:\/\/www.fafptcd62.fr\/wp-content\/uploads\/2023\/05\/70253960_2500682723325705_6821829257841344512_n-1.webp\" alt=\"\" class=\"wp-image-1840\"\/><\/figure>\n\n\n\n<p>Car comme pour les AssFam, le d\u00e9partement fait souvent le minimum pour ses agents\u2026<br>A commencer par le S\u00e9gur qu\u2019il a appliqu\u00e9 au minimum possible. Il a respect\u00e9 \u00e0 la lettre le d\u00e9cret pour ne pas faire entrer une seule personne de plus dans le dispositif.<\/p>\n\n\n\n<p>Dans le P\u00f4le Solidarit\u00e9s 54,6% des agents n\u2019en b\u00e9n\u00e9ficient pas ! Soit plus d\u2019un sur deux\u2026 Et c\u2019est sans compter les assistants familiaux qui eux aussi, contrairement \u00e0 d\u2019autres d\u00e9partements, n\u2019en b\u00e9n\u00e9ficient pas.<br>Avec les AssFam le taux de b\u00e9n\u00e9ficiaires du P\u00f4le Sol passe de 45,4% \u00e0 22,6%. Soit plus de 3 agents sur 4 qui ne b\u00e9n\u00e9ficient pas de la prime S\u00e9gur!<\/p>\n\n\n\n<h2 class=\"wp-block-heading\">Mais surtout des conditions de travail tr\u00e8s d\u00e9grad\u00e9es.<\/h2>\n\n\n\n<p>Le d\u00e9partement n\u2019a pas voulu nous communiquer le taux d\u2019arr\u00eat maladie au P\u00f4le Sol mais nul doute qu\u2019il est \u00e9lev\u00e9!<br>Certains services ont pu rester ouverts gr\u00e2ce aux contractuels, qui par crainte de ne pas \u00eatre renouvel\u00e9s, n\u2019osent pas prendre d\u2019arr\u00eat maladie quitte \u00e0 mettre leur sant\u00e9 et leur famille en danger.<\/p>\n\n\n\n<p>Les r\u00e9f\u00e9rents doivent parfois passer plus de 100 appels par jour pour trouver une solution \u00e0 un enfant, parfois pour seulement quelques jours\u2026. Ils se retrouvent aussi \u00e0 faire chauffeur et \u00e0 devoir partir deux jours pour emmener un enfant dans un autre d\u00e9partement. Et il n\u2019est pas rare de voir des agents encore aux MDS en pleine nuit parfois jusqu\u2019\u00e0 4 heures du matin ! Pendant que les r\u00e9f\u00e9rents sont sur les routes et rentrent \u00e0 des heures ind\u00e9centes, le Pr\u00e9sident regarde le Voyageur \u00e0 la t\u00e9l\u00e9vision.<\/p>\n\n\n\n<h2 class=\"wp-block-heading\">Quelle responsabilit\u00e9 quand un accident arrivera ?<\/h2>\n\n\n\n<p>Et dans les bureaux, dans les couloirs, les questions se posent : Qui portera la responsabilit\u00e9 d\u2019un accident d\u2019un professionnel en pleine nuit apr\u00e8s avoir conduit un enfant sur son lieu d\u2019accueil pour la nuit? Qui portera la responsabilit\u00e9 d\u2019un accident s\u2019il arrive quand le professionnel conduit un jeune et que le jeune en ressort bless\u00e9? Qui portera la responsabilit\u00e9 si l\u2019enfant d\u00e9c\u00e8de pendant le transport? Si le jeune blesse le professionnel cr\u00e9ant l\u2019accident? Qui expliquera \u00e0 ses enfants, \u00e0 sa famille pourquoi maman ou papa est mort(e) en faisant son travail? O\u00f9 en est le respect de la l\u00e9gislation du travail quand un r\u00e9f\u00e9rent commence sa journ\u00e9e \u00e0 8h et la termine \u00e0 4 heures de matin?<\/p>\n\n\n\n<p>Lors de la manifestation des agents sociaux du 2 mai dernier nous avons \u00e9chang\u00e9s avec les agents de diff\u00e9rents SSD et SEF. Ils se sentent d\u00e9laiss\u00e9s, ils disent maltraiter les enfants ! les agents ont parfois 10 \u00e0 15 enfants sans lieu d\u2019accueil \u00e0 g\u00e9rer pour 2 assistants sociaux-\u00e9ducatifs. Ils se retrouvent \u00e0 devoir laver et s\u00e9cher le linge des enfants \u00e0 la MDS, des enfants ne sont plus scolaris\u00e9s depuis plus d\u2019un an! Si ils veulent les scolariser ils sont oblig\u00e9s de les domicilier dans les MDS.<\/p>\n\n\n\n<p>La perte de sens de leur travail est l\u2019une des principales causes de mal-\u00eatre des professionnels : leurs missions doivent \u00eatre en premier lieu dans l\u2019accompagnement des enfants et les aider \u00e0 construire leur projet de vie. Ils n\u2019en ont plus le temps, ils ne travaillent que dans l\u2019urgence de trouver des places et n\u2019ont plus le temps de s\u2019occuper des enfants.<\/p>\n\n\n\n<h2 class=\"wp-block-heading\">De plus en plus de mesures par r\u00e9f\u00e9rent.<\/h2>\n\n\n\n<figure class=\"wp-block-image\"><img decoding=\"async\" src=\"https:\/\/www.fafptcd62.fr\/wp-content\/uploads\/2023\/05\/294222071_641857843967086_2673873555699817859_n-1024x728.webp\" alt=\"\" class=\"wp-image-1841\"\/><\/figure>\n\n\n\n<p>Lors d\u2019un \u00e9change avec un RSASE, il nous avait confi\u00e9 qu\u2019en temps normal un r\u00e9f\u00e9rent devait g\u00e9rer 35 mesures.<br>Dans le Lot-et-Garonne, les r\u00e9f\u00e9rents g\u00e8rent en moyenne 30 mesures, les syndicats ont alert\u00e9 l\u2019inspection du travail car les agents sont en surmenage !<\/p>\n\n\n\n<p>Au CD62 on sait tr\u00e8s bien que dans les faits beaucoup de r\u00e9f\u00e9rents sont \u00e0 bien plus de 35 mesures, et qu\u2019il est impossible de faire un travail de qualit\u00e9 dans ces conditions. Pallier \u00e0 l\u2019urgence et uniquement \u00e0 l\u2019urgence. Une perte de sens dans leur travail quotidien, des t\u00e2ches administratives toujours plus nombreuses\u2026. Comment attirer de nouveaux agents dans ces conditions ?<\/p>\n\n\n\n<figure class=\"wp-block-image\"><img decoding=\"async\" src=\"https:\/\/www.fafptcd62.fr\/wp-content\/uploads\/2023\/05\/265676448_494271392059066_9120137486048720969_n-1024x407.webp\" alt=\"\" class=\"wp-image-1842\"\/><\/figure>\n\n\n\n<p>Cela cr\u00e9e aussi des tensions dans les relations avec les assistants familiaux qui n\u2019arrivent plus \u00e0 joindre les r\u00e9f\u00e9rents. Des r\u00e9f\u00e9rents qui sont oblig\u00e9s de r\u00e9duire la qualit\u00e9 du suivi des jeunes au strict minimum et qui ne peuvent plus aider les AssFam en difficult\u00e9s avec certains jeunes.<\/p>\n\n\n\n<p>Une surcharge de travail qui cr\u00e9e aussi des tensions avec les parents ce qui complique encore plus la situation de l\u2019enfant.<br>Une situation qui cr\u00e9e de nombreuses r\u00e9orientations et qui alourdie encore un peu plus le travail de ces agents<\/p>\n","protected":false},"excerpt":{"rendered":"<p>Alors que l\u2019on a vu que le nombre de mesures de placements augmente d\u2019ann\u00e9e en ann\u00e9e, le personnel, lui, ne suit pas la m\u00eame courbe.Bien au contraire, les travailleurs sociaux sont de moins en moins nombreux ! Retrouvez les pr\u00e9c\u00e9dents articles :1)D\u00e9partement du Pas-de-Calais : toujours moins pour l\u2019Aide Sociale \u00e0 l\u2019Enfance?2)ASE: toujours plus d\u2019enfants, [&hellip;]<\/p>\n","protected":false},"author":1,"featured_media":0,"comment_status":"open","ping_status":"open","sticky":false,"template":"","format":"standard","meta":{"footnotes":""},"categories":[1],"tags":[],"class_list":["post-27","post","type-post","status-publish","format-standard","hentry","category-uncategorized"],"_links":{"self":[{"href":"https:\/\/www.queste.fr\/assfam\/wp-json\/wp\/v2\/posts\/27","targetHints":{"allow":["GET"]}}],"collection":[{"href":"https:\/\/www.queste.fr\/assfam\/wp-json\/wp\/v2\/posts"}],"about":[{"href":"https:\/\/www.queste.fr\/assfam\/wp-json\/wp\/v2\/types\/post"}],"author":[{"embeddable":true,"href":"https:\/\/www.queste.fr\/assfam\/wp-json\/wp\/v2\/users\/1"}],"replies":[{"embeddable":true,"href":"https:\/\/www.queste.fr\/assfam\/wp-json\/wp\/v2\/comments?post=27"}],"version-history":[{"count":1,"href":"https:\/\/www.queste.fr\/assfam\/wp-json\/wp\/v2\/posts\/27\/revisions"}],"predecessor-version":[{"id":28,"href":"https:\/\/www.queste.fr\/assfam\/wp-json\/wp\/v2\/posts\/27\/revisions\/28"}],"wp:attachment":[{"href":"https:\/\/www.queste.fr\/assfam\/wp-json\/wp\/v2\/media?parent=27"}],"wp:term":[{"taxonomy":"category","embeddable":true,"href":"https:\/\/www.queste.fr\/assfam\/wp-json\/wp\/v2\/categories?post=27"},{"taxonomy":"post_tag","embeddable":true,"href":"https:\/\/www.queste.fr\/assfam\/wp-json\/wp\/v2\/tags?post=27"}],"curies":[{"name":"wp","href":"https:\/\/api.w.org\/{rel}","templated":true}]}}