{"id":25,"date":"2026-01-30T10:20:40","date_gmt":"2026-01-30T10:20:40","guid":{"rendered":"https:\/\/www.queste.fr\/assfam\/?p=25"},"modified":"2026-01-30T10:20:40","modified_gmt":"2026-01-30T10:20:40","slug":"quel-cout-de-placement-en-etablissement","status":"publish","type":"post","link":"https:\/\/www.queste.fr\/assfam\/2026\/01\/30\/quel-cout-de-placement-en-etablissement\/","title":{"rendered":"Quel co\u00fbt de placement en \u00e9tablissement ?"},"content":{"rendered":"\n<ul class=\"wp-block-list\">\n<li><a href=\"https:\/\/www.fafptcd62.fr\/2023\/05\/15\/\"><time>mai 15, 2023<\/time><\/a><\/li>\n\n\n\n<li><a href=\"https:\/\/www.fafptcd62.fr\/author\/julien\/\">Julien<\/a><\/li>\n<\/ul>\n\n\n\n<figure class=\"wp-block-image\"><img decoding=\"async\" src=\"https:\/\/www.fafptcd62.fr\/wp-content\/uploads\/2023\/05\/285972089_611727863646751_6399768112973984484_n.webp\" alt=\"Trouver une place en \u00e9tablissement\" class=\"wp-image-1822\"\/><\/figure>\n\n\n\n<p>Apr\u00e8s avoir vu que le D\u00e9partement fait de plus en plus appel aux \u00e9tablissements, nous avons voulu connaitre leur co\u00fbt et celui d\u2019un placement familial pour comparaisons.<\/p>\n\n\n\n<p><em>Retrouvez les pr\u00e9c\u00e9dents articles :<br>1)<a href=\"https:\/\/www.fafptcd62.fr\/2023\/05\/01\/departement-du-pas-de-calais-toujours-moins-pour-laide-social-a-lenfance\/\">D\u00e9partement du Pas-de-Calais : toujours moins pour l\u2019Aide Sociale \u00e0 l\u2019Enfance?<\/a><br>2)<a href=\"https:\/\/www.fafptcd62.fr\/2023\/05\/03\/ase-toujours-plus-denfants-toujours-moins-de-moyens\/\">ASE: toujours plus d\u2019enfants, toujours moins de moyens?<\/a><\/em><br><em>3)<a href=\"https:\/\/www.fafptcd62.fr\/2023\/05\/05\/assistant-familial-le-minimum-legal-comme-regle-dor\/\">Assistant familial : le minimum l\u00e9gal comme r\u00e8gle d\u2019or ?<\/a><\/em><br><em>4)<a href=\"https:\/\/www.fafptcd62.fr\/2023\/05\/08\/de-moins-en-moins-de-famille-daccueil\/\">De moins en moins de famille d\u2019accueil?<\/a><\/em><br><em>5)<a href=\"https:\/\/www.fafptcd62.fr\/2023\/05\/10\/agrement-a-la-tete-du-candidat\/\">Agr\u00e9ment \u00e0 la t\u00eate du candidat ?<\/a><\/em><br><em>6)<a href=\"https:\/\/www.fafptcd62.fr\/2023\/05\/12\/de-plus-en-plus-de-placements-en-etablissements\/\">De plus en plus de placements en \u00e9tablissements<\/a><\/em><\/p>\n\n\n\n<h2 class=\"wp-block-heading\"><br>Combien co\u00fbte un placement en \u00e9tablissement ?<\/h2>\n\n\n\n<p>Nous avons \u00e9tudi\u00e9 les&nbsp;<a href=\"https:\/\/www.pasdecalais.fr\/Documents-legaux\/Recueil-des-Actes-Administratifs\">Recueils des Actes Administratifs<\/a>&nbsp;du Conseil d\u00e9partemental pour en avoir une petite id\u00e9e. Ces recueils sont d\u2019\u00e9normes documents de plusieurs centaines \u00e0 plusieurs milliers de pages.<br><br>Nous avons relev\u00e9 les prix d\u2019une petite dizaine de MECS pour avoir un prix moyen.<br>Premier constat : le D\u00e9partement paye une dotation annuelle et non le prix du forfait journalier.<br>C\u2019est un fonctionnement bien diff\u00e9rent des assistants familiaux qui ont des salaires qui fluctuent en fonction de la pr\u00e9sence ou non des enfants chez eux et surtout entre le d\u00e9part d\u2019un enfant et l\u2019arriv\u00e9e d\u2019un nouvel accueil. Une s\u00e9curit\u00e9 financi\u00e8re qui pourrait aussi rassurer pour retirer un peu de stress et aider certaines personnes \u00e0 rentrer dans le m\u00e9tier.<\/p>\n\n\n\n<p>Le prix moyen constat\u00e9 d\u2019une journ\u00e9e en MECS avec h\u00e9bergement ressort aux alentours des 200\u20ac, soit 6000\u20ac par mois.<br>Quant au D\u00e9partement, il nous a fallu chercher un peu. Nous avons donc utilis\u00e9<a href=\"https:\/\/wikisol62.pasdecalais.fr\/jcms\/prod_11329\/maison-d-enfants-a-caractere-social-mecs-foyer-georges-brassens-calais\">&nbsp;Wiki Sol<\/a>&nbsp;pour connaitre le nombre de places disponibles dans chaque MECS \u00e9tudi\u00e9e. WikiSol est le Guide Ressources Informatis\u00e9 des Solidarit\u00e9s du Conseil d\u00e9partemental du Pas-de-Calais. Les informations sont donc fournies par le D\u00e9partement.<br>Nous avons fait nos calculs en estimant que le D\u00e9partement utilise la totalit\u00e9 des places de chaque MECS.<br>Nos calculs font ressortir un co\u00fbt de placement en \u00e9tablissement moyen de 5 500\u20ac\/mois.<br>Des co\u00fbts qui semblent similaires \u00e0 d\u2019autres d\u00e9partements.<\/p>\n\n\n\n<h2 class=\"wp-block-heading\">Et les places d\u2019urgence?<\/h2>\n\n\n\n<p>Ces \u00e9tablissements proposent aussi des places d\u2019urgence. L\u00e0 encore le D\u00e9partement paye une dotation mensuelle. Nous avons encore une fois estim\u00e9 que le d\u00e9partement utilisait la totalit\u00e9 des places disponibles.<br>Il en ressort un co\u00fbt de placement en \u00e9tablissement moyen pour ces places de 4 500\u20ac<\/p>\n\n\n\n<h2 class=\"wp-block-heading\">Un co\u00fbt de placement en \u00e9tablissement largement sup\u00e9rieur au placement familial.<\/h2>\n\n\n\n<p>Nous avons trouver dans une&nbsp;<a href=\"https:\/\/www.pasdecalais.fr\/Documents-legaux\/Recueil-des-Actes-Administratifs\/Recueil-des-Actes-Administratifs-2022\">d\u00e9lib\u00e9ration du Conseil D\u00e9partemental<\/a>&nbsp;la r\u00e9partition du budget de placement :<\/p>\n\n\n\n<blockquote class=\"wp-block-quote is-layout-flow wp-block-quote-is-layout-flow\">\n<p>Les assistants familiaux, agents non titulaires de la fonction publique territoriale, assurent l\u2019accueil de<br>64 % des enfants confi\u00e9s. La part de ces d\u00e9penses repr\u00e9sente 44 % du budget Enfance Famille.<br>Le D\u00e9partement a r\u00e9mun\u00e9r\u00e9 en moyenne 1 886 assistants familiaux par mois en 2021. L\u2019accueil familial<br>reste le socle de la r\u00e9ponse \u00e0 la prise en charge des mineurs confi\u00e9s avec 3 952 enfants accueillis en<br>2021.Recueil des Actes Administratifs du D\u00e9partement du Pas-de-Calais N\u00b0 2 DE FEVRIER 2022<\/p>\n<\/blockquote>\n\n\n\n<p>On a ensuite le d\u00e9tail du co\u00fbt des r\u00e9mun\u00e9rations, des allocations et des divers remboursements des assistants familiaux.<br>On arrive donc \u00e0 un co\u00fbt moyen par enfant de 28 557\u20ac<br><br>Quelques lignes apr\u00e8s, il est not\u00e9 le co\u00fbt des MECS du D\u00e9partement et hors D\u00e9partement et de leurs subventions.<br>On a consid\u00e9r\u00e9 que tous les enfants qui ne sont pas plac\u00e9s en famille d\u2019accueil sont plac\u00e9s en MECS<br>Si 3 952 enfants repr\u00e9sente 64% des enfants, les 36% restant repr\u00e9sentent donc 2 223 enfants.<br>Sachant que certains enfants sont plac\u00e9s chez des tiers dignes de confiance et que les MNA sont dans des foyers bien moins on\u00e9reux, le co\u00fbt est donc sous-estim\u00e9.<br>Nous arrivons donc \u00e0 un co\u00fbt par placement en MECS d\u2019au moins 46 288\u20ac.<\/p>\n\n\n\n<p>Un co\u00fbt de placement en \u00e9tablissement au moins 62% sup\u00e9rieur \u00e0 un placement familial alors que le D\u00e9partement tire toujours un maximum vers le bas pour le placement familial!<\/p>\n\n\n\n<h3 class=\"wp-block-heading\">Cas pratique : le service d\u2019accueil, d\u2019observation et d\u2019orientation de Saint Nicolas<\/h3>\n\n\n\n<p>Le D\u00e9partement est fier d\u2019annoncer la cr\u00e9ation d\u2019un nouveau lieu d\u2019accueil \u00e0 Saint Nicolas les Arras. Nous nous sommes donc renseign\u00e9s sur ce dernier.<\/p>\n\n\n\n<p>Ce lieu d\u2019accueil a \u00e9t\u00e9 cr\u00e9\u00e9 par l\u2019EPDEF (Etablissement Public D\u00e9partemental de l\u2019Enfance et de la Famille) . C\u2019est une structure cr\u00e9\u00e9e en 1990 par le Conseil D\u00e9partemental qui a repris les activit\u00e9s de la MDEA (Maison d\u00e9partementale de l\u2019enfance et de l\u2019adolescence) pour se mettre en conformit\u00e9 avec la loi et donc de se doter d\u2019une personnalit\u00e9 morale distincte du d\u00e9partement.<br>Mais malgr\u00e9 cela, le CD62 reste tr\u00e8s impliqu\u00e9 dans la gestion. Il y a par exemple 3 \u00e9lus du Conseil D\u00e9partemental au&nbsp;<a href=\"http:\/\/www.epdef.fr\/pages\/conseil-d-administration\">Conseil d\u2019administration<\/a>.<br>Pendant les travaux de ce nouveau lieu d\u2019accueil, vous pouviez apercevoir sur les panneaux de d\u00e9claration de travaux le soutien financier assum\u00e9 du D\u00e9partement.<\/p>\n\n\n\n<figure class=\"wp-block-image\"><img decoding=\"async\" src=\"https:\/\/www.fafptcd62.fr\/wp-content\/uploads\/2023\/05\/soutien.webp\" alt=\"\" class=\"wp-image-1691\"\/><\/figure>\n\n\n\n<h3 class=\"wp-block-heading\"><br><strong>Quel co\u00fbt ?<\/strong><\/h3>\n\n\n\n<p>Le b\u00e2timent a \u00e9t\u00e9 rachet\u00e9 le&nbsp;<a href=\"https:\/\/app.dvf.etalab.gouv.fr\/\">16 f\u00e9vrier 2021<\/a>&nbsp;pour un montant de 630 000\u20ac.<br>Il a \u00e9t\u00e9 ensuite enti\u00e8rement rafraichi pour un co\u00fbt global (achat + r\u00e9novation) de 2,5 millions d\u2019euros.<br>Il peut accueillir 20 enfants. Les 6\/10 ans dans des chambres doubles dans une aile et les 10\/18 dans deux autres ailes en chambres individuelles.<br>Il est aussi \u00e9quip\u00e9 d\u2019un appartement pour accueillir les familles et d\u2019un studio pour tester l\u2019autonomie des jeunes.<br>C\u2019est donc un co\u00fbt de 125 000\u20ac par place, alors que les assistants familiaux ne b\u00e9n\u00e9ficient d\u2019aucune prime \u00e0 l\u2019installation et doivent supporter seuls les co\u00fbts de travaux d\u2019am\u00e9nagement.<\/p>\n\n\n\n<h3 class=\"wp-block-heading\">Un lieu d\u2019accueil plus confortable dans un milieu privil\u00e9gi\u00e9 ?<\/h3>\n\n\n\n<p>On peut donc imaginer qu\u2019avec un co\u00fbt de 125K\u20ac par place, les enfants sont accueillis dans un \u00e9tablissement tr\u00e8s confortable avec de belles et grandes chambres par enfant.<br>Sur le site de l\u2019EPDEF on trouve dans la section \u00ab&nbsp;actualit\u00e9&nbsp;\u00bb la mention de rafraichissement de l\u2019ancien h\u00f4tel:<\/p>\n\n\n\n<blockquote class=\"wp-block-quote is-layout-flow wp-block-quote-is-layout-flow\">\n<p>\u00ab&nbsp;<em>On a profit\u00e9 de l\u2019am\u00e9nagement de l\u2019h\u00f4tel pour avoir des chambres avec salle de bain.<\/em>&nbsp;\u00bb, pr\u00e9sente Alexandre Charlet. Tout l\u2019\u00e9tablissement a \u00e9t\u00e9 rafra\u00eechi.http:\/\/www.epdef.fr\/actualites\/2023<\/p>\n<\/blockquote>\n\n\n\n<p>La structure semble donc avoir \u00e9t\u00e9 gard\u00e9e. Nous avons donc cherch\u00e9 des informations sur les dimensions des chambres \u00e0 l\u2019\u00e9poque o\u00f9 c\u2019\u00e9tait encore un h\u00f4tel et son lieu d\u2019implantation.<\/p>\n\n\n\n<figure class=\"wp-block-image\"><img decoding=\"async\" src=\"https:\/\/www.fafptcd62.fr\/wp-content\/uploads\/2023\/05\/chambre-epdef-1024x683.webp\" alt=\"\" class=\"wp-image-1692\"\/><\/figure>\n\n\n\n<p><br><strong>Des chambre de 9 \u00e0 11m2 \u00e0 quelques dizaines de m\u00e8tres d\u2019une deux fois deux voix\u2026.<\/strong><\/p>\n\n\n\n<p>Alors que certains AF se voient refus\u00e9 un agr\u00e9ment en partage de chambre avec des chambres de 12m2, ici aucun souci quand la chambre fait au mieux 11m2.<br>Et \u00e0 seulement 40m d\u2019une nationale en 2 fois 2 voix qui est s\u00e9par\u00e9e par un simple petit grillage souple pas tr\u00e8s solide\u2026<video height=\"1080\" width=\"1920\" controls=\"\" src=\"https:\/\/www.fafptcd62.fr\/wp-content\/uploads\/2023\/05\/Foyer.mp4\"><\/video><\/p>\n\n\n\n<p><br>Il y aura, semble-t-il, un accompagnement renforc\u00e9 avec le recrutement de 35 professionnels dont des \u00e9ducateurs sp\u00e9cialis\u00e9s, sportifs, de jeunes enfants, une psychomotricienne, une psychologue\u2026&nbsp;Des professionnels qui sont souvent difficiles \u00e0 trouver et avec des d\u00e9lais de prise en charge \u00e0 rallonge pour les enfants accueillis en placement familial malgr\u00e9 que les CAMPS soit financ\u00e9s par le D\u00e9partement.<\/p>\n\n\n\n<h3 class=\"wp-block-heading\">Quel est le but de cet \u00e9tablissement ?<\/h3>\n\n\n\n<p>C\u2019est un type d\u2019\u00e9tablissement assez nouveau :<\/p>\n\n\n\n<blockquote class=\"wp-block-quote is-layout-flow wp-block-quote-is-layout-flow\">\n<p>Son but est d\u2019accueillir pendant deux mois, et jusqu\u2019\u00e0 trois mois, des enfants \u00ab&nbsp;<em>primo-plac\u00e9s<\/em>&nbsp;\u00bb, qui viennent d\u2019\u00eatre retir\u00e9s de leur environnement familial pour leur protection, par d\u00e9cision de justice.<\/p>\n\n\n\n<p>Les professionnels de la structure auront pour mission d\u2019observer leur comportement, d\u2019analyser leur d\u00e9veloppement et de d\u00e9finir quel lieu d\u2019accueil est le plus adapt\u00e9 \u00e0 leurs besoins dans la dur\u00e9e (foyer, famille d\u2019accueil, etc.).http:\/\/www.epdef.fr\/actualites\/2023<\/p>\n<\/blockquote>\n\n\n\n<p>Si nous ne pouvons que f\u00e9liciter le D\u00e9partement de vouloir orienter au mieux les enfants pour un meilleur accompagnement, nous nous interrogeons sur la faisabilit\u00e9.<br><br>Les r\u00e9f\u00e9rents passent des journ\u00e9es enti\u00e8res \u00e0 chercher des places pour les enfants, des OPP et des AP ne sont pas ex\u00e9cut\u00e9s faute de place. Aujourd\u2019hui la r\u00e9alit\u00e9 des r\u00e9f\u00e9rents n\u2019est pas de trouver le lieux d\u2019accueil id\u00e9al pour un enfant mais de lui trouver un lieux o\u00f9 dormir et \u00eatre mis \u00e0 l\u2019abris du danger de son environnement familial.<\/p>\n\n\n\n<p>Il y a une d\u00e9connexion entre la r\u00e9alit\u00e9 du terrain et la perception de la situation par les responsables du D\u00e9partement.<br>Une r\u00e9alit\u00e9 admise \u00e0 demi-mots :<\/p>\n\n\n\n<blockquote class=\"wp-block-quote is-layout-flow wp-block-quote-is-layout-flow\">\n<p>Outre les \u00ab&nbsp;primo-placements&nbsp;\u00bb, le centre accueillera aussi des placements non-ex\u00e9cut\u00e9s, faute de places.http:\/\/www.epdef.fr\/actualites\/2023<\/p>\n<\/blockquote>\n\n\n\n<h2 class=\"wp-block-heading\">Quel avenir ?<\/h2>\n\n\n\n<p>Pourtant le taux d\u2019\u00e9tablissements dans le Pas-de-Calais est bien inf\u00e9rieur \u00e0 la moyenne! Et si recruter des assistants familiaux a un co\u00fbt tr\u00e8s faible et peut se faire en quelques semaines, une MECS demande un investissement bien plus lourd et demande bien plus de temps !<\/p>\n\n\n\n<p>Le D\u00e9partement n\u2019a, \u00e0 notre connaissance, pas lanc\u00e9 de politique d\u2019investissement massif pour augmenter le nombre de foyers, et avec une politique du minimum l\u00e9gal pour les Ass Fam, l\u2019offre d\u2019h\u00e9bergement risque donc encore de se r\u00e9duire.<\/p>\n\n\n\n<p>A contrario, le besoin de places ne faisant qu\u2019augmenter, les r\u00e9f\u00e9rents passeront toujours plus de temps \u00e0 chercher des places. De plus en plus d\u2019enfants resteront de plus en plus longtemps en MDS en attente d\u2019une solution d\u2019accueil. Ils seront toujours plus nombreux \u00e0 passer quelques nuits par-ci par-l\u00e0 en h\u00e9bergement temporaire. Des situations inacceptables pour des enfants d\u00e9j\u00e0 bien abim\u00e9s par la vie.<\/p>\n\n\n\n<p><a href=\"https:\/\/www.fafptcd62.fr\/2023\/05\/12\/de-plus-en-plus-de-placements-en-etablissements\/\"><em>Previous<\/em><\/a><\/p>\n\n\n\n<p><a href=\"https:\/\/www.fafptcd62.fr\/2023\/05\/16\/tentez-votre-chance-le-concours-dadjoint-technique-principal-de-2eme-classe-des-etablissements-denseignement-est-lance\/\"><em>Next<\/em><\/a><\/p>\n\n\n\n<p>Share the Post:<\/p>\n","protected":false},"excerpt":{"rendered":"<p>Apr\u00e8s avoir vu que le D\u00e9partement fait de plus en plus appel aux \u00e9tablissements, nous avons voulu connaitre leur co\u00fbt et celui d\u2019un placement familial pour comparaisons. Retrouvez les pr\u00e9c\u00e9dents articles :1)D\u00e9partement du Pas-de-Calais : toujours moins pour l\u2019Aide Sociale \u00e0 l\u2019Enfance?2)ASE: toujours plus d\u2019enfants, toujours moins de moyens?3)Assistant familial : le minimum l\u00e9gal comme [&hellip;]<\/p>\n","protected":false},"author":1,"featured_media":0,"comment_status":"open","ping_status":"open","sticky":false,"template":"","format":"standard","meta":{"footnotes":""},"categories":[1],"tags":[],"class_list":["post-25","post","type-post","status-publish","format-standard","hentry","category-uncategorized"],"_links":{"self":[{"href":"https:\/\/www.queste.fr\/assfam\/wp-json\/wp\/v2\/posts\/25","targetHints":{"allow":["GET"]}}],"collection":[{"href":"https:\/\/www.queste.fr\/assfam\/wp-json\/wp\/v2\/posts"}],"about":[{"href":"https:\/\/www.queste.fr\/assfam\/wp-json\/wp\/v2\/types\/post"}],"author":[{"embeddable":true,"href":"https:\/\/www.queste.fr\/assfam\/wp-json\/wp\/v2\/users\/1"}],"replies":[{"embeddable":true,"href":"https:\/\/www.queste.fr\/assfam\/wp-json\/wp\/v2\/comments?post=25"}],"version-history":[{"count":1,"href":"https:\/\/www.queste.fr\/assfam\/wp-json\/wp\/v2\/posts\/25\/revisions"}],"predecessor-version":[{"id":26,"href":"https:\/\/www.queste.fr\/assfam\/wp-json\/wp\/v2\/posts\/25\/revisions\/26"}],"wp:attachment":[{"href":"https:\/\/www.queste.fr\/assfam\/wp-json\/wp\/v2\/media?parent=25"}],"wp:term":[{"taxonomy":"category","embeddable":true,"href":"https:\/\/www.queste.fr\/assfam\/wp-json\/wp\/v2\/categories?post=25"},{"taxonomy":"post_tag","embeddable":true,"href":"https:\/\/www.queste.fr\/assfam\/wp-json\/wp\/v2\/tags?post=25"}],"curies":[{"name":"wp","href":"https:\/\/api.w.org\/{rel}","templated":true}]}}