{"id":23,"date":"2026-01-30T10:20:16","date_gmt":"2026-01-30T10:20:16","guid":{"rendered":"https:\/\/www.queste.fr\/assfam\/?p=23"},"modified":"2026-01-30T10:20:16","modified_gmt":"2026-01-30T10:20:16","slug":"de-plus-en-plus-de-placements-en-etablissements","status":"publish","type":"post","link":"https:\/\/www.queste.fr\/assfam\/2026\/01\/30\/de-plus-en-plus-de-placements-en-etablissements\/","title":{"rendered":"De plus en plus de placements en \u00e9tablissements"},"content":{"rendered":"\n<ul class=\"wp-block-list\">\n<li><a href=\"https:\/\/www.fafptcd62.fr\/2023\/05\/12\/\"><time>mai 12, 2023<\/time><\/a><\/li>\n\n\n\n<li><a href=\"https:\/\/www.fafptcd62.fr\/author\/julien\/\">Julien<\/a><\/li>\n<\/ul>\n\n\n\n<figure class=\"wp-block-image\"><img decoding=\"async\" src=\"https:\/\/www.fafptcd62.fr\/wp-content\/uploads\/2023\/05\/123496405_207507244068817_5827638778522486247_n-1.webp\" alt=\"\" class=\"wp-image-1819\"\/><\/figure>\n\n\n\n<p>Alors que le D\u00e9partement essaye d\u2019optimiser toujours au mieux sont budget, nous avons du mal \u00e0 comprendre la politique du minimum pour les AF qui r\u00e9duit donc le nombre de candidatures et qui par cons\u00e9quent oblige le d\u00e9partement \u00e0 augmenter les placements en \u00e9tablissements qui sont bien plus co\u00fbteux.<\/p>\n\n\n\n<p><em>Retrouvez les pr\u00e9c\u00e9dents articles :<br>1)<a href=\"https:\/\/www.fafptcd62.fr\/2023\/05\/01\/departement-du-pas-de-calais-toujours-moins-pour-laide-social-a-lenfance\/\">D\u00e9partement du Pas-de-Calais : toujours moins pour l\u2019Aide Sociale \u00e0 l\u2019Enfance?<\/a><br>2)<a href=\"https:\/\/www.fafptcd62.fr\/2023\/05\/03\/ase-toujours-plus-denfants-toujours-moins-de-moyens\/\">ASE: toujours plus d\u2019enfants, toujours moins de moyens?<\/a><\/em><br><em>3)<a href=\"https:\/\/www.fafptcd62.fr\/2023\/05\/05\/assistant-familial-le-minimum-legal-comme-regle-dor\/\">Assistant familial : le minimum l\u00e9gal comme r\u00e8gle d\u2019or ?<\/a><\/em><br><em>4)<a href=\"https:\/\/www.fafptcd62.fr\/2023\/05\/08\/de-moins-en-moins-de-famille-daccueil\/\">De moins en moins de famille d\u2019accueil?<\/a><\/em><br><em>5)<a href=\"https:\/\/www.fafptcd62.fr\/2023\/05\/10\/agrement-a-la-tete-du-candidat\/\">Agr\u00e9ment \u00e0 la t\u00eate du candidat ?<\/a><\/em><\/p>\n\n\n\n<h2 class=\"wp-block-heading\">Placements en \u00e9tablissements.<\/h2>\n\n\n\n<p>Alors que le nombre d\u2019assistants familiaux ne cesse de diminuer, les r\u00e9f\u00e9rents doivent faire appel de plus en plus aux \u00e9tablissements.<\/p>\n\n\n\n<figure class=\"wp-block-image\"><img decoding=\"async\" src=\"https:\/\/www.fafptcd62.fr\/wp-content\/uploads\/2023\/04\/image-9.png\" alt=\"\" class=\"wp-image-1552\"\/><\/figure>\n\n\n\n<p>Pourtant le taux d\u2019\u00e9tablissements dans le Pas-de-Calais est bien inf\u00e9rieur \u00e0 la moyenne! Et si recruter des assistants familiaux a un co\u00fbt tr\u00e8s faible et peut se faire en quelques semaines, une MECS demande un investissement bien plus lourd et demande bien plus de temps !<\/p>\n\n\n\n<figure class=\"wp-block-image\"><img decoding=\"async\" src=\"https:\/\/www.fafptcd62.fr\/wp-content\/uploads\/2023\/04\/image-10.png\" alt=\"\" class=\"wp-image-1554\"\/><\/figure>\n\n\n\n<p>Comme le montre le graphique, le d\u00e9partement a un taux d\u2019\u00e9quipement en \u00e9tablissements bien inf\u00e9rieur (-40% par rapport \u00e0 la moyenne nationale en 2020) \u00e0 la moyenne nationale.<br>Nous avons le taux le plus bas parmi nos voisins. Seule la&nbsp;<a href=\"https:\/\/www.somme.fr\/services\/enfance-et-famille\/les-assistants-maternels\/devenir-assistant-familial\/\">Somme<\/a>&nbsp;faisait moins bien en 2012 mais ils ont petit \u00e0 petit regagn\u00e9 leur retard pour \u00eatre maintenant bien au-dessus du CD62.<br>Les autres d\u00e9partements de la r\u00e9gion sont tous pass\u00e9s en-dessous de la moyenne car le taux national augmente chaque ann\u00e9e mais tous sont largement devant le Conseil D\u00e9partemental du Pas-de-Calais.<\/p>\n\n\n\n<p>Le d\u00e9partement n\u2019ayant, \u00e0 notre connaissance, pas lanc\u00e9 de politique d\u2019investissement massif pour augmenter le nombre de foyers, et une politique du minimum l\u00e9gal pour les AssFam, l\u2019offre d\u2019h\u00e9bergement risque donc encore de se r\u00e9duire.<\/p>\n\n\n\n<p>A contrario le besoin de places ne faisant qu\u2019augmenter, les r\u00e9f\u00e9rents passeront toujours plus de temps \u00e0 chercher des places. De plus en plus d\u2019enfants resteront de plus en plus longtemps en MDS en attente d\u2019une solution d\u2019accueil. Ils seront toujours plus nombreux \u00e0 passer quelques nuit par-ci par-l\u00e0 en h\u00e9bergement temporaire. Des situations inacceptables pour des enfants d\u00e9j\u00e0 bien abim\u00e9s par la vie.<\/p>\n\n\n\n<h2 class=\"wp-block-heading\">Des mesurettes ?<\/h2>\n\n\n\n<p>Lors de la&nbsp;<a href=\"https:\/\/www.fafptcd62.fr\/2023\/05\/04\/manifestation-des-travailleurs-sociaux\/\">manifestation des agents sociaux<\/a>&nbsp;du 2 mai devant l\u2019H\u00f4tel du D\u00e9partement, le Conseil D\u00e9partemental a annonc\u00e9 la cr\u00e9ation de 300 places d\u2019ici 2028, soit 50 places par an.<br>Quand on sait que le D\u00e9partement a perdu 208 assistants familiaux depuis 2017 et qu\u2019ils ont parfois 2 ou 3 agr\u00e9ments, ces cr\u00e9ations de places risquent de ne m\u00eame pas combler l\u2019appauvrissement de l\u2019offre de placement familial.<br>Et dans le m\u00eame temps le nombre d\u2019enfants confi\u00e9s \u00e0 l\u2019ASE ne faisant qu\u2019augmenter, cette mesurette ne risque pas d\u2019arranger la situation dans les ann\u00e9es \u00e0 venir.<\/p>\n\n\n\n<p><a href=\"https:\/\/www.fafptcd62.fr\/2023\/05\/11\/les-organisations-syndicales-ecrivent-au-ministre-de-la-transformation-et-de-la-fonction-publiques\/\"><em>Previous<\/em><\/a><\/p>\n\n\n\n<p><a href=\"https:\/\/www.fafptcd62.fr\/2023\/05\/15\/quel-cout-de-placement-en-etablissement\/\"><em>Next<\/em><\/a><\/p>\n\n\n\n<p>Share the Post:<\/p>\n","protected":false},"excerpt":{"rendered":"<p>Alors que le D\u00e9partement essaye d\u2019optimiser toujours au mieux sont budget, nous avons du mal \u00e0 comprendre la politique du minimum pour les AF qui r\u00e9duit donc le nombre de candidatures et qui par cons\u00e9quent oblige le d\u00e9partement \u00e0 augmenter les placements en \u00e9tablissements qui sont bien plus co\u00fbteux. Retrouvez les pr\u00e9c\u00e9dents articles :1)D\u00e9partement du [&hellip;]<\/p>\n","protected":false},"author":1,"featured_media":0,"comment_status":"open","ping_status":"open","sticky":false,"template":"","format":"standard","meta":{"footnotes":""},"categories":[1],"tags":[],"class_list":["post-23","post","type-post","status-publish","format-standard","hentry","category-uncategorized"],"_links":{"self":[{"href":"https:\/\/www.queste.fr\/assfam\/wp-json\/wp\/v2\/posts\/23","targetHints":{"allow":["GET"]}}],"collection":[{"href":"https:\/\/www.queste.fr\/assfam\/wp-json\/wp\/v2\/posts"}],"about":[{"href":"https:\/\/www.queste.fr\/assfam\/wp-json\/wp\/v2\/types\/post"}],"author":[{"embeddable":true,"href":"https:\/\/www.queste.fr\/assfam\/wp-json\/wp\/v2\/users\/1"}],"replies":[{"embeddable":true,"href":"https:\/\/www.queste.fr\/assfam\/wp-json\/wp\/v2\/comments?post=23"}],"version-history":[{"count":1,"href":"https:\/\/www.queste.fr\/assfam\/wp-json\/wp\/v2\/posts\/23\/revisions"}],"predecessor-version":[{"id":24,"href":"https:\/\/www.queste.fr\/assfam\/wp-json\/wp\/v2\/posts\/23\/revisions\/24"}],"wp:attachment":[{"href":"https:\/\/www.queste.fr\/assfam\/wp-json\/wp\/v2\/media?parent=23"}],"wp:term":[{"taxonomy":"category","embeddable":true,"href":"https:\/\/www.queste.fr\/assfam\/wp-json\/wp\/v2\/categories?post=23"},{"taxonomy":"post_tag","embeddable":true,"href":"https:\/\/www.queste.fr\/assfam\/wp-json\/wp\/v2\/tags?post=23"}],"curies":[{"name":"wp","href":"https:\/\/api.w.org\/{rel}","templated":true}]}}