{"id":21,"date":"2026-01-30T10:19:57","date_gmt":"2026-01-30T10:19:57","guid":{"rendered":"https:\/\/www.queste.fr\/assfam\/?p=21"},"modified":"2026-01-30T10:19:57","modified_gmt":"2026-01-30T10:19:57","slug":"de-moins-en-moins-de-famille-daccueil","status":"publish","type":"post","link":"https:\/\/www.queste.fr\/assfam\/2026\/01\/30\/de-moins-en-moins-de-famille-daccueil\/","title":{"rendered":"De moins en moins de famille d\u2019accueil?"},"content":{"rendered":"\n<ul class=\"wp-block-list\">\n<li><a href=\"https:\/\/www.fafptcd62.fr\/2023\/05\/08\/\"><time>mai 8, 2023<\/time><\/a><\/li>\n\n\n\n<li><a href=\"https:\/\/www.fafptcd62.fr\/author\/julien\/\">Julien<\/a><\/li>\n<\/ul>\n\n\n\n<figure class=\"wp-block-image\"><img decoding=\"async\" src=\"https:\/\/www.fafptcd62.fr\/wp-content\/uploads\/2023\/05\/35072292_1787269798000338_9134048274854969344_n.webp\" alt=\"Disparition des assistants familiaux\" class=\"wp-image-1740\"\/><\/figure>\n\n\n\n<p>Alors que le placement en foyer a un co\u00fbt largement sup\u00e9rieur au placement familial, le d\u00e9partement doit de plus en plus faire appel aux \u00e9tablissements pour accueillir des enfants toujours plus nombreux.<br>Mais ce n\u2019est pas par choix, car le d\u00e9partement n\u2019arrive plus \u00e0 recruter!<\/p>\n\n\n\n<p><em>Retrouvez les pr\u00e9c\u00e9dents articles :<br>1)<a href=\"https:\/\/www.fafptcd62.fr\/2023\/05\/01\/departement-du-pas-de-calais-toujours-moins-pour-laide-social-a-lenfance\/\">D\u00e9partement du Pas-de-Calais : toujours moins pour l\u2019Aide Sociale \u00e0 l\u2019Enfance?<\/a><br>2)<a href=\"https:\/\/www.fafptcd62.fr\/2023\/05\/03\/ase-toujours-plus-denfants-toujours-moins-de-moyens\/\">ASE: toujours plus d\u2019enfants, toujours moins de moyens?<\/a><\/em><br><em>3)<a href=\"https:\/\/www.fafptcd62.fr\/2023\/05\/05\/assistant-familial-le-minimum-legal-comme-regle-dor\/\">Assistant familial : le minimum l\u00e9gal comme r\u00e8gle d\u2019or ?<\/a><\/em><\/p>\n\n\n\n<figure class=\"wp-block-image\"><img decoding=\"async\" src=\"https:\/\/www.fafptcd62.fr\/wp-content\/uploads\/2023\/04\/image-4.png\" alt=\"\" class=\"wp-image-1546\"\/><\/figure>\n\n\n\n<p>Les assistants familiaux sont de moins en moins nombreux mais le nombre d\u2019enfants en accueil familial est en l\u00e9g\u00e8re hausse. Il y a donc de plus en plus d\u2019enfants par assistant familial mais pas assez pour compenser la hausse constante d\u2019enfants confi\u00e9s \u00e0 l\u2019ASE.<br>Le nombre d\u2019enfants en placement familial a augment\u00e9 de 8,36% sur la p\u00e9riode 2014\/2020 quand, dans le m\u00eame temps, le nombre d\u2019assistants familiaux a diminu\u00e9 de 0,78%. Le nombre d\u2019enfants par famille d\u2019accueil est donc pass\u00e9 de 1,92 a 2,10. Et la baisse d\u2019assistant familial ne fait que s\u2019acc\u00e9l\u00e9rer!<\/p>\n\n\n\n<p><br>Il n\u2019est donc pas \u00e9tonnant que les r\u00e9f\u00e9rents multiplient les appels aux AF \u00e0 des heures souvent bien tardives! Ils sont \u00e0 court de solution pour ces enfants\u2026. Un constat qui met en lumi\u00e8re les difficult\u00e9s des r\u00e9f\u00e9rents qui finissent leur journ\u00e9e de travail parfois en pleine nuit.<\/p>\n\n\n\n<h2 class=\"wp-block-heading\">De plus en plus d\u2019Ass Fam hors d\u00e9partement ?<\/h2>\n\n\n\n<p>Une autres r\u00e9alit\u00e9 que mettent en lumi\u00e8re les chiffres de l\u2019<a href=\"https:\/\/www.insee.fr\/\">INSEE<\/a>, c\u2019est une hausse constante des placements chez des assistants familiaux hors du d\u00e9partement.<\/p>\n\n\n\n<figure class=\"wp-block-image\"><img decoding=\"async\" src=\"https:\/\/www.fafptcd62.fr\/wp-content\/uploads\/2023\/04\/image.png\" alt=\"\" class=\"wp-image-1542\"\/><\/figure>\n\n\n\n<p><br>Il faut savoir que les assistants familiaux sont r\u00e9mun\u00e9r\u00e9s en fonction des montants d\u00e9cid\u00e9s dans leur d\u00e9partement de r\u00e9sidence. En cons\u00e9quence, un AF r\u00e9sident dans le 59 mais qui travaille pour le CD62 ne sera pas pay\u00e9 de la m\u00eame fa\u00e7on qu\u2019un AF r\u00e9sidant dans le Pas-de-Calais et employ\u00e9 par le CD62.<br>Un AF du 80 pourra donc travailler dans le 62 tout en gardant la r\u00e9mun\u00e9ration plus avantageuse de la Somme.<\/p>\n\n\n\n<h2 class=\"wp-block-heading\">Un manque de vocation pour le m\u00e9tier ? Ou de consid\u00e9ration ?<\/h2>\n\n\n\n<figure class=\"wp-block-image\"><img decoding=\"async\" src=\"https:\/\/www.fafptcd62.fr\/wp-content\/uploads\/2023\/05\/341148222_1428994477916489_6106200778982782006_n.webp\" alt=\"\" class=\"wp-image-1741\"\/><\/figure>\n\n\n\n<p>Si dans le Pas-de-Calais il y a de moins en moins d\u2019assistants familiaux, certains d\u00e9partements tirent leur \u00e9pingle de jeux et arrivent \u00e0 recruter.<br><br>Mais quand le Directeur du P\u00f4le Solidarit\u00e9s nous re\u00e7oit r\u00e9guli\u00e8rement et que la situation stagne ou que le Pr\u00e9sident refuse r\u00e9guli\u00e8rement de nous recevoir lors des manifestations ou dit comprendre les assistants familiaux car il a \u00e9t\u00e9 dans sa jeunesse Directeur de centre a\u00e9r\u00e9, comment cela pourrait-il s\u2019am\u00e9liorer ?<\/p>\n\n\n\n<figure class=\"wp-block-image\"><img decoding=\"async\" src=\"https:\/\/www.fafptcd62.fr\/wp-content\/uploads\/2023\/05\/148431444_274412244044983_5155880905123721708_n.jpg\" alt=\"\" class=\"wp-image-1742\"\/><\/figure>\n\n\n\n<p>Pourtant le taux d\u2019\u00e9tablissements dans le Pas-de-Calais est bien inf\u00e9rieur \u00e0 la moyenne! Et si recruter des assistants familiaux a un co\u00fbt tr\u00e8s faible et peut se faire en quelques semaines, une MECS demande un investissement bien plus lourd et demande bien plus de temps !<br>Le D\u00e9partement lance r\u00e9guli\u00e8rement des campagnes de recrutement mais sans jamais penser a am\u00e9liorer l\u2019attractivit\u00e9 du m\u00e9tier.<\/p>\n","protected":false},"excerpt":{"rendered":"<p>Alors que le placement en foyer a un co\u00fbt largement sup\u00e9rieur au placement familial, le d\u00e9partement doit de plus en plus faire appel aux \u00e9tablissements pour accueillir des enfants toujours plus nombreux.Mais ce n\u2019est pas par choix, car le d\u00e9partement n\u2019arrive plus \u00e0 recruter! Retrouvez les pr\u00e9c\u00e9dents articles :1)D\u00e9partement du Pas-de-Calais : toujours moins pour [&hellip;]<\/p>\n","protected":false},"author":1,"featured_media":0,"comment_status":"open","ping_status":"open","sticky":false,"template":"","format":"standard","meta":{"footnotes":""},"categories":[1],"tags":[],"class_list":["post-21","post","type-post","status-publish","format-standard","hentry","category-uncategorized"],"_links":{"self":[{"href":"https:\/\/www.queste.fr\/assfam\/wp-json\/wp\/v2\/posts\/21","targetHints":{"allow":["GET"]}}],"collection":[{"href":"https:\/\/www.queste.fr\/assfam\/wp-json\/wp\/v2\/posts"}],"about":[{"href":"https:\/\/www.queste.fr\/assfam\/wp-json\/wp\/v2\/types\/post"}],"author":[{"embeddable":true,"href":"https:\/\/www.queste.fr\/assfam\/wp-json\/wp\/v2\/users\/1"}],"replies":[{"embeddable":true,"href":"https:\/\/www.queste.fr\/assfam\/wp-json\/wp\/v2\/comments?post=21"}],"version-history":[{"count":1,"href":"https:\/\/www.queste.fr\/assfam\/wp-json\/wp\/v2\/posts\/21\/revisions"}],"predecessor-version":[{"id":22,"href":"https:\/\/www.queste.fr\/assfam\/wp-json\/wp\/v2\/posts\/21\/revisions\/22"}],"wp:attachment":[{"href":"https:\/\/www.queste.fr\/assfam\/wp-json\/wp\/v2\/media?parent=21"}],"wp:term":[{"taxonomy":"category","embeddable":true,"href":"https:\/\/www.queste.fr\/assfam\/wp-json\/wp\/v2\/categories?post=21"},{"taxonomy":"post_tag","embeddable":true,"href":"https:\/\/www.queste.fr\/assfam\/wp-json\/wp\/v2\/tags?post=21"}],"curies":[{"name":"wp","href":"https:\/\/api.w.org\/{rel}","templated":true}]}}