{"id":19,"date":"2026-01-30T10:19:33","date_gmt":"2026-01-30T10:19:33","guid":{"rendered":"https:\/\/www.queste.fr\/assfam\/?p=19"},"modified":"2026-01-30T10:19:33","modified_gmt":"2026-01-30T10:19:33","slug":"assistant-familial-le-minimum-legal-comme-regle-dor","status":"publish","type":"post","link":"https:\/\/www.queste.fr\/assfam\/2026\/01\/30\/assistant-familial-le-minimum-legal-comme-regle-dor\/","title":{"rendered":"Assistant familial : le minimum l\u00e9gal comme r\u00e8gle d\u2019or ?"},"content":{"rendered":"\n<ul class=\"wp-block-list\">\n<li><a href=\"https:\/\/www.fafptcd62.fr\/2023\/05\/05\/\"><time>mai 5, 2023<\/time><\/a><\/li>\n\n\n\n<li><a href=\"https:\/\/www.fafptcd62.fr\/author\/julien\/\">Julien<\/a><\/li>\n<\/ul>\n\n\n\n<figure class=\"wp-block-image\"><img decoding=\"async\" src=\"https:\/\/www.fafptcd62.fr\/wp-content\/uploads\/2023\/05\/OURSINS-PAS-DE-CALAIS-2.webp\" alt=\"\" class=\"wp-image-1788\"\/><\/figure>\n\n\n\n<p>Nous avons vu lors du 2eme article le manque de moyens humains accord\u00e9s \u00e0 l\u2019ASE par le D\u00e9partement. Aujourd\u2019hui nous allons rentrer dans le d\u00e9tail des chiffres concernant les assistants familiaux.<\/p>\n\n\n\n<p><em>Retrouvez les pr\u00e9c\u00e9dents articles :<br>1)<a href=\"https:\/\/www.fafptcd62.fr\/2023\/05\/01\/departement-du-pas-de-calais-toujours-moins-pour-laide-social-a-lenfance\/\">D\u00e9partement du Pas-de-Calais : toujours moins pour l\u2019Aide Sociale \u00e0 l\u2019Enfance?<\/a><br>2)<a href=\"https:\/\/www.fafptcd62.fr\/2023\/05\/03\/ase-toujours-plus-denfants-toujours-moins-de-moyens\/\">ASE: toujours plus d\u2019enfants, toujours moins de moyens?<\/a><\/em><\/p>\n\n\n\n<h2 class=\"wp-block-heading\">Un salaire au minimum l\u00e9gal pour les assistants familiaux<\/h2>\n\n\n\n<p>Alors que le D\u00e9partement payait d\u00e9j\u00e0 depuis des ann\u00e9es au minimum l\u00e9gal ses AF accueillant 1 ou 2 enfants, depuis la promulgation de la&nbsp;<a href=\"https:\/\/www.legifrance.gouv.fr\/jorf\/id\/JORFTEXT000045133771\">loi Taquet<\/a>, le Conseil D\u00e9partemental paye aussi au minimum l\u00e9gal les assistants familleux accueillant 3 enfants!<br>Concernant les assistants familiaux accueillant 4 enfants ils sont pay\u00e9s 3\u20ac de plus par mois que le minimum l\u00e9gal!<br>Ces 3\u20ac (0,33 heures SMIC) n\u2019ont pas \u00e9t\u00e9 donn\u00e9s par g\u00e9n\u00e9rosit\u00e9 par le CD62, c\u2019est le minimum que le D\u00e9partement pouvait donner pour ne pas diminuer leur salaire suite \u00e0 la loi taquet.<br><br>Seuls ceux qui accueillent 5 enfants (ce qui ne doit pas repr\u00e9senter beaucoup de monde) ont droit \u00e0 une vraie diff\u00e9rence de salaire par rapport au minimum l\u00e9gal mais uniquement car le D\u00e9partement ne pouvait pas l\u00e9galement diminuer cet acquis.<\/p>\n\n\n\n<h2 class=\"wp-block-heading\">Des indemnit\u00e9s d\u2019entretien au minimum l\u00e9gal<\/h2>\n\n\n\n<p><br>Pour ce qui est de l\u2019indemnit\u00e9 d\u2019entretien, le D\u00e9partement faisait un peu mieux que le minimum l\u00e9gal, mais \u00e0 force de refuser de la revaloriser, nous sommes l\u00e0 aussi pass\u00e9s au minimum l\u00e9gal!<br>Minimum l\u00e9gal qui a fait augmenter l\u2019indemnit\u00e9 d\u2019entretien de 1,24\u20ac par mois et par enfant. Premi\u00e8re hausse en 8 ans qui repr\u00e9sente 0,3% alors que sur la m\u00eame p\u00e9riode l\u2019inflation d\u00e9passe les 14%!<br>Seuls les AF qui accueillent des enfants de 12 ans et plus ont encore le droit \u00e0 un peu plus mais pour combien de temps ? Au rythme de l\u2019inflation de ces deux derni\u00e8res ann\u00e9es elle sera aussi rattrap\u00e9e d\u2019ici \u00e0 peine 18 mois !<\/p>\n\n\n\n<h2 class=\"wp-block-heading\">Et pour les autres allocations ?<\/h2>\n\n\n\n<p>Pour ce qui est de la v\u00eature, de l\u2019agent de poche, de l\u2019allocation de fournitures scolaires et toutes les autres allocations pour les enfants il n\u2019y a h\u00e9las aucun cadre l\u00e9gal qui d\u00e9finisse un minimum\u2026 Le CD62 se garde donc bien, encore une fois, de les revaloriser.<br>Les AF devront donc toujours faire toujours plus avec toujours moins !<\/p>\n\n\n\n<p>Le d\u00e9partement a de plus en plus de mal \u00e0 recruter et n\u2019arrive plus \u00e0 compenser les d\u00e9parts en retraite. Ce n\u2019est pas avec une politique du minimum l\u00e9gal que les choses s\u2019arrangeront.<\/p>\n","protected":false},"excerpt":{"rendered":"<p>Nous avons vu lors du 2eme article le manque de moyens humains accord\u00e9s \u00e0 l\u2019ASE par le D\u00e9partement. Aujourd\u2019hui nous allons rentrer dans le d\u00e9tail des chiffres concernant les assistants familiaux. Retrouvez les pr\u00e9c\u00e9dents articles :1)D\u00e9partement du Pas-de-Calais : toujours moins pour l\u2019Aide Sociale \u00e0 l\u2019Enfance?2)ASE: toujours plus d\u2019enfants, toujours moins de moyens? Un salaire [&hellip;]<\/p>\n","protected":false},"author":1,"featured_media":0,"comment_status":"open","ping_status":"open","sticky":false,"template":"","format":"standard","meta":{"footnotes":""},"categories":[1],"tags":[],"class_list":["post-19","post","type-post","status-publish","format-standard","hentry","category-uncategorized"],"_links":{"self":[{"href":"https:\/\/www.queste.fr\/assfam\/wp-json\/wp\/v2\/posts\/19","targetHints":{"allow":["GET"]}}],"collection":[{"href":"https:\/\/www.queste.fr\/assfam\/wp-json\/wp\/v2\/posts"}],"about":[{"href":"https:\/\/www.queste.fr\/assfam\/wp-json\/wp\/v2\/types\/post"}],"author":[{"embeddable":true,"href":"https:\/\/www.queste.fr\/assfam\/wp-json\/wp\/v2\/users\/1"}],"replies":[{"embeddable":true,"href":"https:\/\/www.queste.fr\/assfam\/wp-json\/wp\/v2\/comments?post=19"}],"version-history":[{"count":1,"href":"https:\/\/www.queste.fr\/assfam\/wp-json\/wp\/v2\/posts\/19\/revisions"}],"predecessor-version":[{"id":20,"href":"https:\/\/www.queste.fr\/assfam\/wp-json\/wp\/v2\/posts\/19\/revisions\/20"}],"wp:attachment":[{"href":"https:\/\/www.queste.fr\/assfam\/wp-json\/wp\/v2\/media?parent=19"}],"wp:term":[{"taxonomy":"category","embeddable":true,"href":"https:\/\/www.queste.fr\/assfam\/wp-json\/wp\/v2\/categories?post=19"},{"taxonomy":"post_tag","embeddable":true,"href":"https:\/\/www.queste.fr\/assfam\/wp-json\/wp\/v2\/tags?post=19"}],"curies":[{"name":"wp","href":"https:\/\/api.w.org\/{rel}","templated":true}]}}