{"id":17,"date":"2026-01-30T10:19:13","date_gmt":"2026-01-30T10:19:13","guid":{"rendered":"https:\/\/www.queste.fr\/assfam\/?p=17"},"modified":"2026-01-30T10:19:13","modified_gmt":"2026-01-30T10:19:13","slug":"ase-toujours-plus-denfants-toujours-moins-de-moyens","status":"publish","type":"post","link":"https:\/\/www.queste.fr\/assfam\/2026\/01\/30\/ase-toujours-plus-denfants-toujours-moins-de-moyens\/","title":{"rendered":"ASE: toujours plus d\u2019enfants, toujours moins de moyens?"},"content":{"rendered":"\n<ul class=\"wp-block-list\">\n<li><a href=\"https:\/\/www.fafptcd62.fr\/2023\/05\/03\/\"><time>mai 3, 2023<\/time><\/a><\/li>\n\n\n\n<li><a href=\"https:\/\/www.fafptcd62.fr\/author\/julien\/\">Julien<\/a><\/li>\n<\/ul>\n\n\n\n<figure class=\"wp-block-image\"><img decoding=\"async\" src=\"https:\/\/www.fafptcd62.fr\/wp-content\/uploads\/2023\/05\/emil-kalibradov-k05udh2lhfa-unsplash-1.webp\" alt=\"\" class=\"wp-image-1689\"\/><\/figure>\n\n\n\n<p>Dans ce premier article nous allons \u00e9tudier les chiffres de l\u2019ASE,<a href=\"https:\/\/drees.solidarites-sante.gouv.fr\/\">&nbsp;communiqu\u00e9 par la DRESS<\/a>, dans leur globalit\u00e9. Nous \u00e9tudierons plus en d\u00e9tail ces chiffres dans les prochains articles.<\/p>\n\n\n\n<p><em><a href=\"https:\/\/www.fafptcd62.fr\/2023\/05\/01\/departement-du-pas-de-calais-toujours-moins-pour-laide-social-a-lenfance\/\">Retrouvez l\u2019introduction ici<\/a><\/em><\/p>\n\n\n\n<p>Le d\u00e9partement du Pas-de-Calais, comme au niveau national, connait une hausse constante du nombre d\u2019enfants b\u00e9n\u00e9ficiant de mesures administratives ou judiciaires.<\/p>\n\n\n\n<figure class=\"wp-block-image\"><img decoding=\"async\" src=\"https:\/\/www.fafptcd62.fr\/wp-content\/uploads\/2023\/04\/image-5-1024x645.png\" alt=\"\" class=\"wp-image-1547\"\/><\/figure>\n\n\n\n<p>Comme le montre le graphique, le D\u00e9partement connait une hausse sup\u00e9rieure \u00e0 la moyenne nationale.<br>Mais cette hausse est-elle suivie au niveau des moyens humains et financiers mis en place par le Conseil D\u00e9partemental ?<\/p>\n\n\n\n<p>Si le d\u00e9partement annonce fi\u00e8rement chaque ann\u00e9e une hausse du budget pour l\u2019ASE on constate surtout que cette hausse ne suit ni l\u2019\u00e9volution du nombre de placements ni l\u2019inflation!<\/p>\n\n\n\n<figure class=\"wp-block-image\"><img decoding=\"async\" src=\"https:\/\/www.fafptcd62.fr\/wp-content\/uploads\/2023\/04\/image-6.png\" alt=\"\" class=\"wp-image-1548\"\/><\/figure>\n\n\n\n<p>Pour ce qui est des moyens humains c\u2019est h\u00e9las le m\u00eame constat\u2026<\/p>\n\n\n\n<figure class=\"wp-block-image\"><img decoding=\"async\" src=\"https:\/\/www.fafptcd62.fr\/wp-content\/uploads\/2023\/04\/image-8.png\" alt=\"\" class=\"wp-image-1550\"\/><\/figure>\n\n\n\n<p>Ces premiers chiffres apportent un d\u00e9but d\u2019explication \u00e0 la situation actuelle de l\u2019ASE dans le Pas-de-Calais. Nous allons rentrer plus en d\u00e9tail dans les prochains articles.<\/p>\n","protected":false},"excerpt":{"rendered":"<p>Dans ce premier article nous allons \u00e9tudier les chiffres de l\u2019ASE,&nbsp;communiqu\u00e9 par la DRESS, dans leur globalit\u00e9. Nous \u00e9tudierons plus en d\u00e9tail ces chiffres dans les prochains articles. Retrouvez l\u2019introduction ici Le d\u00e9partement du Pas-de-Calais, comme au niveau national, connait une hausse constante du nombre d\u2019enfants b\u00e9n\u00e9ficiant de mesures administratives ou judiciaires. Comme le montre [&hellip;]<\/p>\n","protected":false},"author":1,"featured_media":0,"comment_status":"open","ping_status":"open","sticky":false,"template":"","format":"standard","meta":{"footnotes":""},"categories":[1],"tags":[],"class_list":["post-17","post","type-post","status-publish","format-standard","hentry","category-uncategorized"],"_links":{"self":[{"href":"https:\/\/www.queste.fr\/assfam\/wp-json\/wp\/v2\/posts\/17","targetHints":{"allow":["GET"]}}],"collection":[{"href":"https:\/\/www.queste.fr\/assfam\/wp-json\/wp\/v2\/posts"}],"about":[{"href":"https:\/\/www.queste.fr\/assfam\/wp-json\/wp\/v2\/types\/post"}],"author":[{"embeddable":true,"href":"https:\/\/www.queste.fr\/assfam\/wp-json\/wp\/v2\/users\/1"}],"replies":[{"embeddable":true,"href":"https:\/\/www.queste.fr\/assfam\/wp-json\/wp\/v2\/comments?post=17"}],"version-history":[{"count":1,"href":"https:\/\/www.queste.fr\/assfam\/wp-json\/wp\/v2\/posts\/17\/revisions"}],"predecessor-version":[{"id":18,"href":"https:\/\/www.queste.fr\/assfam\/wp-json\/wp\/v2\/posts\/17\/revisions\/18"}],"wp:attachment":[{"href":"https:\/\/www.queste.fr\/assfam\/wp-json\/wp\/v2\/media?parent=17"}],"wp:term":[{"taxonomy":"category","embeddable":true,"href":"https:\/\/www.queste.fr\/assfam\/wp-json\/wp\/v2\/categories?post=17"},{"taxonomy":"post_tag","embeddable":true,"href":"https:\/\/www.queste.fr\/assfam\/wp-json\/wp\/v2\/tags?post=17"}],"curies":[{"name":"wp","href":"https:\/\/api.w.org\/{rel}","templated":true}]}}