{"id":15,"date":"2026-01-30T10:18:46","date_gmt":"2026-01-30T10:18:46","guid":{"rendered":"https:\/\/www.queste.fr\/assfam\/?p=15"},"modified":"2026-01-30T10:18:46","modified_gmt":"2026-01-30T10:18:46","slug":"departement-du-pas-de-calais-toujours-moins-pour-laide-sociale-a-lenfance","status":"publish","type":"post","link":"https:\/\/www.queste.fr\/assfam\/2026\/01\/30\/departement-du-pas-de-calais-toujours-moins-pour-laide-sociale-a-lenfance\/","title":{"rendered":"D\u00e9partement du Pas-de-Calais : toujours moins pour l\u2019Aide Sociale \u00e0 l\u2019Enfance?"},"content":{"rendered":"\n<ul class=\"wp-block-list\">\n<li><a href=\"https:\/\/www.fafptcd62.fr\/2023\/05\/01\/\"><time>mai 1, 2023<\/time><\/a><\/li>\n\n\n\n<li><a href=\"https:\/\/www.fafptcd62.fr\/author\/julien\/\">Julien<\/a><\/li>\n<\/ul>\n\n\n\n<figure class=\"wp-block-image\"><img decoding=\"async\" src=\"https:\/\/www.fafptcd62.fr\/wp-content\/uploads\/2023\/04\/art1.webp\" alt=\"Enfant qui se questionne\" class=\"wp-image-1680\"\/><\/figure>\n\n\n\n<p>Alors que l\u2019\u00e9tat de l\u2019Aide Sociale \u00e0 l\u2019Enfance est inqui\u00e9tant au niveau national et que le nombre d\u2019enfants concern\u00e9s ne cesse d\u2019augmenter (encore 1,9% d\u2019augmentation du nombre de mesure en 2021), nous avons voulu faire un point sur la situation dans le Pas-de-Calais.<br><br>Quelles \u00e9volutions du nombre de placements, du taux d\u2019\u00e9tablissements, du nombre de&nbsp;<a href=\"https:\/\/www.fafptcd62.fr\/category\/pole-solidarite\/\">travailleurs sociaux<\/a>&nbsp;et de&nbsp;<a href=\"https:\/\/www.fafptcd62.fr\/category\/assfam\/\">familles d\u2019accueil<\/a>&nbsp;mais aussi du budget?<br><br>Nous avons voulu savoir comment se situe le d\u00e9partement par rapport aux d\u00e9partements voisins et par rapport aux moyennes nationales. On a aussi regard\u00e9 ce qui se fait ailleurs pour rem\u00e9dier \u00e0 des probl\u00e8mes communs \u00e0 bien des r\u00e9gions.<\/p>\n\n\n\n<p>Nous nous sommes appuy\u00e9s sur les chiffres de l\u2019<a href=\"https:\/\/www.insee.fr\/fr\/accueil\">INSEE<\/a>&nbsp;mis \u00e0 disposition sur le site de la DREES. Ces donn\u00e9es sont transmises par les Conseils D\u00e9partementaux. Pour les donn\u00e9es les plus r\u00e9centes, nous nous sommes r\u00e9f\u00e9r\u00e9s aux publications sur le site du d\u00e9partement et des d\u00e9lib\u00e9rations du Conseil D\u00e9partemental qui sont, conform\u00e9ment \u00e0 la loi, accessibles au public.<\/p>\n\n\n\n<p>Comme vous pouvez l\u2019imaginer, le sujet est donc large et nous avons d\u00e9cid\u00e9 de vous le pr\u00e9senter \u00e0 travers 13 articles qui seront post\u00e9s chaque lundi, mercredi et vendredi du mois de mai.<\/p>\n","protected":false},"excerpt":{"rendered":"<p>Alors que l\u2019\u00e9tat de l\u2019Aide Sociale \u00e0 l\u2019Enfance est inqui\u00e9tant au niveau national et que le nombre d\u2019enfants concern\u00e9s ne cesse d\u2019augmenter (encore 1,9% d\u2019augmentation du nombre de mesure en 2021), nous avons voulu faire un point sur la situation dans le Pas-de-Calais. Quelles \u00e9volutions du nombre de placements, du taux d\u2019\u00e9tablissements, du nombre de&nbsp;travailleurs [&hellip;]<\/p>\n","protected":false},"author":1,"featured_media":0,"comment_status":"open","ping_status":"open","sticky":false,"template":"","format":"standard","meta":{"footnotes":""},"categories":[1],"tags":[],"class_list":["post-15","post","type-post","status-publish","format-standard","hentry","category-uncategorized"],"_links":{"self":[{"href":"https:\/\/www.queste.fr\/assfam\/wp-json\/wp\/v2\/posts\/15","targetHints":{"allow":["GET"]}}],"collection":[{"href":"https:\/\/www.queste.fr\/assfam\/wp-json\/wp\/v2\/posts"}],"about":[{"href":"https:\/\/www.queste.fr\/assfam\/wp-json\/wp\/v2\/types\/post"}],"author":[{"embeddable":true,"href":"https:\/\/www.queste.fr\/assfam\/wp-json\/wp\/v2\/users\/1"}],"replies":[{"embeddable":true,"href":"https:\/\/www.queste.fr\/assfam\/wp-json\/wp\/v2\/comments?post=15"}],"version-history":[{"count":1,"href":"https:\/\/www.queste.fr\/assfam\/wp-json\/wp\/v2\/posts\/15\/revisions"}],"predecessor-version":[{"id":16,"href":"https:\/\/www.queste.fr\/assfam\/wp-json\/wp\/v2\/posts\/15\/revisions\/16"}],"wp:attachment":[{"href":"https:\/\/www.queste.fr\/assfam\/wp-json\/wp\/v2\/media?parent=15"}],"wp:term":[{"taxonomy":"category","embeddable":true,"href":"https:\/\/www.queste.fr\/assfam\/wp-json\/wp\/v2\/categories?post=15"},{"taxonomy":"post_tag","embeddable":true,"href":"https:\/\/www.queste.fr\/assfam\/wp-json\/wp\/v2\/tags?post=15"}],"curies":[{"name":"wp","href":"https:\/\/api.w.org\/{rel}","templated":true}]}}