{"id":13,"date":"2026-01-30T10:18:25","date_gmt":"2026-01-30T10:18:25","guid":{"rendered":"https:\/\/www.queste.fr\/assfam\/?p=13"},"modified":"2026-01-30T10:18:25","modified_gmt":"2026-01-30T10:18:25","slug":"bilan-de-laide-sociale-a-lenfance-du-pas-de-calais-2","status":"publish","type":"post","link":"https:\/\/www.queste.fr\/assfam\/2026\/01\/30\/bilan-de-laide-sociale-a-lenfance-du-pas-de-calais-2\/","title":{"rendered":"Bilan de l\u2019Aide Sociale \u00e0 l\u2019Enfance du Pas-de-Calais"},"content":{"rendered":"\n<ul class=\"wp-block-list\">\n<li><a href=\"https:\/\/www.fafptcd62.fr\/2023\/06\/01\/\"><time>juin 1, 2023<\/time><\/a><\/li>\n\n\n\n<li><a href=\"https:\/\/www.fafptcd62.fr\/author\/julien\/\">Julien<\/a><\/li>\n<\/ul>\n\n\n\n<figure class=\"wp-block-image\"><img decoding=\"async\" src=\"https:\/\/www.fafptcd62.fr\/wp-content\/uploads\/2023\/05\/dep.webp\" alt=\"Aide social\" class=\"wp-image-1941\"\/><\/figure>\n\n\n\n<p>La conclusion de cette s\u00e9rie d\u2019articles d\u00e9di\u00e9e \u00e0 l\u2019Aide Sociale \u00e0 l\u2019Enfance (ASE) du Pas-de-Calais n\u2019est pas de bon augure. Le tableau qui se dessine \u00e0 travers nos diff\u00e9rentes investigations est plus qu\u2019alarmant. Les placements sont en constante augmentation. Le nombre d\u2019assistants familiaux et de travailleurs sociaux diminue continuellement. Le budget d\u00e9di\u00e9 \u00e0 la pr\u00e9vention se r\u00e9duit tandis que le budget par mesure de placement reste parmi les plus faibles de France. Ces facteurs convergent pour dessiner une situation de crise. Une r\u00e9forme de l\u2019Aide Sociale \u00e0 l\u2019Enfance dans Pas-de-Calais est plus qu\u2019urgente!<\/p>\n\n\n\n<p><em>Retrouvez les articles pr\u00e9c\u00e9dents :<br>1)<a href=\"https:\/\/www.fafptcd62.fr\/2023\/05\/01\/departement-du-pas-de-calais-toujours-moins-pour-laide-social-a-lenfance\/\">D\u00e9partement du Pas-de-Calais : toujours moins pour l\u2019Aide Sociale \u00e0 l\u2019Enfance?<\/a><br>2)<a href=\"https:\/\/www.fafptcd62.fr\/2023\/05\/03\/ase-toujours-plus-denfants-toujours-moins-de-moyens\/\">ASE: toujours plus d\u2019enfants, toujours moins de moyens?<\/a><\/em><br><em>3)<a href=\"https:\/\/www.fafptcd62.fr\/2023\/05\/05\/assistant-familial-le-minimum-legal-comme-regle-dor\/\">Assistant familial : le minimum l\u00e9gal comme r\u00e8gle d\u2019or ?<\/a><\/em><br><em>4)<a href=\"https:\/\/www.fafptcd62.fr\/2023\/05\/08\/de-moins-en-moins-de-famille-daccueil\/\">De moins en moins de famille d\u2019accueil?<\/a><\/em><br><em>5)<a href=\"https:\/\/www.fafptcd62.fr\/2023\/05\/10\/agrement-a-la-tete-du-candidat\/\">Agr\u00e9ment \u00e0 la t\u00eate du candidat ?<\/a><\/em><br><em>6)<a href=\"https:\/\/www.fafptcd62.fr\/2023\/05\/12\/de-plus-en-plus-de-placements-en-etablissements\/\">De plus en plus de placements en \u00e9tablissements<\/a><\/em><br><em>7)<a href=\"https:\/\/www.fafptcd62.fr\/2023\/05\/15\/quel-cout-de-placement-en-etablissement\/\">Quel co\u00fbt de placement en \u00e9tablissement ?<\/a><\/em><br><em>8)<a href=\"https:\/\/www.fafptcd62.fr\/2023\/05\/17\/de-moins-en-moins-de-travailleurs-sociaux\/\">De moins en moins de travailleurs sociaux<\/a><\/em><br><em>9)<a href=\"https:\/\/www.fafptcd62.fr\/2023\/05\/19\/de-moins-en-moins-de-prevention\/\">De moins en moins de pr\u00e9vention<\/a><\/em><br><em>10)<a href=\"https:\/\/www.fafptcd62.fr\/2023\/05\/22\/ase-comment-le-cd62-se-positionne-par-rapport-aux-autres-departements\/\">ASE: Comment le CD62 se positionne par rapport aux autres d\u00e9partements ?<\/a><br>11)<a href=\"https:\/\/www.fafptcd62.fr\/2023\/05\/24\/des-initiatives-existent-et-dautres-departements-donnent-lexemple\/\">Des initiatives existent et d\u2019autres d\u00e9partements donnent l\u2019exemple<\/a><\/em><br><em>12)<a href=\"https:\/\/www.fafptcd62.fr\/2023\/05\/26\/pendant-ce-temps-au-departement-cest-rappel-a-lordre\/\">Pendant ce temps au d\u00e9partement c\u2019est rappel \u00e0 l\u2019ordre\u2026<\/a><\/em><\/p>\n\n\n\n<h3 class=\"wp-block-heading\"><strong>Conditions de travail et salariales d\u00e9grad\u00e9es<\/strong><\/h3>\n\n\n\n<p>La crise se traduit par une d\u00e9gradation notable des conditions de travail des agents. Par ailleurs, les conditions salariales pour les assistants familiaux sont minimales. Ces professionnels de l\u2019enfance sont en premi\u00e8re ligne pour r\u00e9pondre aux besoins des enfants vuln\u00e9rables. Or, ils doivent le faire dans des conditions de plus en plus pr\u00e9caires.<\/p>\n\n\n\n<h3 class=\"wp-block-heading\"><strong>Un dispositif de protection en tension<\/strong><\/h3>\n\n\n\n<p>Charlotte Caubel, Secr\u00e9taire d\u2019Etat charg\u00e9e de l\u2019Enfance,&nbsp;<a href=\"https:\/\/www.francebleu.fr\/emissions\/invite-france-bleu-picardie-de-8h10\/charlotte-caubel-secretaire-d-etat-chargee-de-l-enfance-tout-le-dispositif-de-protection-est-en-tension-3863845\">a r\u00e9cemment d\u00e9clar\u00e9<\/a>&nbsp;que \u00ab&nbsp;tout le dispositif de protection est en tension&nbsp;\u00bb. Sa d\u00e9claration r\u00e9sonne comme une validation officielle de la r\u00e9alit\u00e9 du terrain. Avec des conditions de travail si difficiles et des ressources humaines et financi\u00e8res largement inf\u00e9rieures \u00e0 la moyenne, comment l\u2019ASE du Pas-de-Calais pourrait-elle surmonter ces d\u00e9fis?<\/p>\n\n\n\n<h3 class=\"wp-block-heading\"><strong>Augmentation des r\u00e9clamations pour d\u00e9fense des droits de l\u2019enfant<\/strong><\/h3>\n\n\n\n<p>La tension s\u2019exacerbe lorsque l\u2019on consid\u00e8re la hausse de 20% des r\u00e9clamations re\u00e7ues pour<a href=\"https:\/\/www.defenseurdesdroits.fr\/sites\/default\/files\/atoms\/files\/ddd_rapport-annuel-2022_20230328.pdf\">&nbsp;la d\u00e9fenseur des droits<\/a>&nbsp;de l\u2019enfant en 2022. Ce chiffre, rapport\u00e9 par la d\u00e9fenseure des droits, souligne l\u2019urgence de la situation. Il est imp\u00e9ratif de mobiliser des moyens nationaux et locaux pour contrer cette forme de maltraitance institutionnelle.<\/p>\n\n\n\n<h3 class=\"wp-block-heading\"><strong>L\u2019immobilisme ne saurait \u00eatre la solution<\/strong><\/h3>\n\n\n\n<p>Face \u00e0 l\u2019urgence, l\u2019immobilisme est inacceptable. Les travailleurs sociaux, d\u00e9j\u00e0 sous forte pression, ne peuvent maintenir ind\u00e9finiment leurs efforts dans une telle situation. Des r\u00e9ponses fortes et rapides sont n\u00e9cessaires. Il est crucial de comprendre que des plans d\u2019action sur trois ou quatre ans ne seront pas suffisants pour soulager l\u2019urgence actuelle.<\/p>\n\n\n\n<h3 class=\"wp-block-heading\"><strong>Des appels de d\u00e9tresse ignor\u00e9s<\/strong><\/h3>\n\n\n\n<p>Les appels de d\u00e9tresse que nous recevons r\u00e9guli\u00e8rement des agents des Maisons D\u00e9partementales des Solidarit\u00e9s (MDS) et des assistants familiaux sont r\u00e9v\u00e9lateurs de cette crise. Si nos articles peuvent sembler durs, ils sont pourtant bien en de\u00e7\u00e0 des r\u00e9alit\u00e9s alarmantes qui nous sont rapport\u00e9es.<\/p>\n\n\n\n<h3 class=\"wp-block-heading\"><strong>Conclusion : N\u00e9cessit\u00e9 d\u2019une r\u00e9forme urgente<\/strong><\/h3>\n\n\n\n<p>En conclusion, l\u2019Aide Sociale \u00e0 l\u2019Enfance du Pas-de-Calais se trouve dans une situation critique qui exige une r\u00e9forme urgente. Le besoin de moyens ad\u00e9quats, de respect des droits syndicaux, d\u2019am\u00e9lioration des conditions de travail et de valorisation des professionnels n\u2019a jamais \u00e9t\u00e9 aussi pressant. Il est plus qu\u2019urgent de mettre en place des mesures pour am\u00e9liorer le quotidien de ces travailleurs sociaux d\u00e9vou\u00e9s et assurer une meilleure prise en charge des enfants les plus vuln\u00e9rables de notre soci\u00e9t\u00e9.<\/p>\n","protected":false},"excerpt":{"rendered":"<p>La conclusion de cette s\u00e9rie d\u2019articles d\u00e9di\u00e9e \u00e0 l\u2019Aide Sociale \u00e0 l\u2019Enfance (ASE) du Pas-de-Calais n\u2019est pas de bon augure. Le tableau qui se dessine \u00e0 travers nos diff\u00e9rentes investigations est plus qu\u2019alarmant. Les placements sont en constante augmentation. Le nombre d\u2019assistants familiaux et de travailleurs sociaux diminue continuellement. Le budget d\u00e9di\u00e9 \u00e0 la pr\u00e9vention [&hellip;]<\/p>\n","protected":false},"author":1,"featured_media":0,"comment_status":"open","ping_status":"open","sticky":false,"template":"","format":"standard","meta":{"footnotes":""},"categories":[1],"tags":[],"class_list":["post-13","post","type-post","status-publish","format-standard","hentry","category-uncategorized"],"_links":{"self":[{"href":"https:\/\/www.queste.fr\/assfam\/wp-json\/wp\/v2\/posts\/13","targetHints":{"allow":["GET"]}}],"collection":[{"href":"https:\/\/www.queste.fr\/assfam\/wp-json\/wp\/v2\/posts"}],"about":[{"href":"https:\/\/www.queste.fr\/assfam\/wp-json\/wp\/v2\/types\/post"}],"author":[{"embeddable":true,"href":"https:\/\/www.queste.fr\/assfam\/wp-json\/wp\/v2\/users\/1"}],"replies":[{"embeddable":true,"href":"https:\/\/www.queste.fr\/assfam\/wp-json\/wp\/v2\/comments?post=13"}],"version-history":[{"count":1,"href":"https:\/\/www.queste.fr\/assfam\/wp-json\/wp\/v2\/posts\/13\/revisions"}],"predecessor-version":[{"id":14,"href":"https:\/\/www.queste.fr\/assfam\/wp-json\/wp\/v2\/posts\/13\/revisions\/14"}],"wp:attachment":[{"href":"https:\/\/www.queste.fr\/assfam\/wp-json\/wp\/v2\/media?parent=13"}],"wp:term":[{"taxonomy":"category","embeddable":true,"href":"https:\/\/www.queste.fr\/assfam\/wp-json\/wp\/v2\/categories?post=13"},{"taxonomy":"post_tag","embeddable":true,"href":"https:\/\/www.queste.fr\/assfam\/wp-json\/wp\/v2\/tags?post=13"}],"curies":[{"name":"wp","href":"https:\/\/api.w.org\/{rel}","templated":true}]}}